{"id":34113,"date":"2014-08-22T11:51:44","date_gmt":"2014-08-22T16:51:44","guid":{"rendered":"https:\/\/www.fiscalia.gov.co\/colombia\/en\/?p=34113"},"modified":"2014-10-06T15:05:42","modified_gmt":"2014-10-06T20:05:42","slug":"a-member-of-uraba-or-clan-usuga-criminal-organization-was-arrested","status":"publish","type":"post","link":"https:\/\/www.fiscalia.gov.co\/colombia\/en\/2014\/08\/22\/a-member-of-uraba-or-clan-usuga-criminal-organization-was-arrested\/","title":{"rendered":"A member of  &#8220;Urab\u00e1&#8221; or &#8220;Clan \u00dasuga&#8221; criminal organization  was arrested"},"content":{"rendered":"<p>Members of the Judicial Police Team on Organized Crime and the Criminal Investigation Team (CTI) from Monteria, with support of National Army\u00a0 \u201cBatall\u00f3n Jun\u00edn del Ej\u00e9rcito Nacional\u201d arrested Eduardo Miguel Garay Jim\u00e9nez, alias &#8220;El Burro&#8221; in Valencia (C\u00f3rdoba) by virtue of an order pronounced by the 2<sup>nd<\/sup> Municipal Court with supervisory functions \u201ccontrol de garant\u00edas\u201d for the offense of aggravated conspiracy to commit crimes.<\/p>\n","protected":false},"excerpt":{"rendered":"<p>Members of the Judicial Police Team on Organized Crime and the Criminal Investigation Team (CTI) from Monteria, with support of National Army\u00a0 \u201cBatall\u00f3n Jun\u00edn del Ej\u00e9rcito Nacional\u201d arrested Eduardo Miguel Garay Jim\u00e9nez, alias &#8220;El Burro&#8221; in Valencia (C\u00f3rdoba) by virtue of an order pronounced by the 2nd Municipal Court with supervisory functions \u201ccontrol de garant\u00edas\u201d [&hellip;]<\/p>\n","protected":false},"author":1,"featured_media":0,"comment_status":"closed","ping_status":"open","sticky":false,"template":"","format":"standard","meta":{"footnotes":""},"categories":[],"tags":[],"class_list":["post-34113","post","type-post","status-publish","format-standard"],"_links":{"self":[{"href":"https:\/\/www.fiscalia.gov.co\/colombia\/en\/wp-json\/wp\/v2\/posts\/34113"}],"collection":[{"href":"https:\/\/www.fiscalia.gov.co\/colombia\/en\/wp-json\/wp\/v2\/posts"}],"about":[{"href":"https:\/\/www.fiscalia.gov.co\/colombia\/en\/wp-json\/wp\/v2\/types\/post"}],"author":[{"embeddable":true,"href":"https:\/\/www.fiscalia.gov.co\/colombia\/en\/wp-json\/wp\/v2\/users\/1"}],"replies":[{"embeddable":true,"href":"https:\/\/www.fiscalia.gov.co\/colombia\/en\/wp-json\/wp\/v2\/comments?post=34113"}],"version-history":[{"count":1,"href":"https:\/\/www.fiscalia.gov.co\/colombia\/en\/wp-json\/wp\/v2\/posts\/34113\/revisions"}],"predecessor-version":[{"id":34114,"href":"https:\/\/www.fiscalia.gov.co\/colombia\/en\/wp-json\/wp\/v2\/posts\/34113\/revisions\/34114"}],"wp:attachment":[{"href":"https:\/\/www.fiscalia.gov.co\/colombia\/en\/wp-json\/wp\/v2\/media?parent=34113"}],"wp:term":[{"taxonomy":"category","embeddable":true,"href":"https:\/\/www.fiscalia.gov.co\/colombia\/en\/wp-json\/wp\/v2\/categories?post=34113"},{"taxonomy":"post_tag","embeddable":true,"href":"https:\/\/www.fiscalia.gov.co\/colombia\/en\/wp-json\/wp\/v2\/tags?post=34113"}],"curies":[{"name":"wp","href":"https:\/\/api.w.org\/{rel}","templated":true}]}}