{"id":34109,"date":"2014-08-22T12:22:13","date_gmt":"2014-08-22T17:22:13","guid":{"rendered":"https:\/\/www.fiscalia.gov.co\/colombia\/en\/?p=34109"},"modified":"2014-10-06T14:59:27","modified_gmt":"2014-10-06T19:59:27","slug":"a-preventive-detention-order-was-issued-against-the-mayor-of-cantagallo-bolivar-due-to-a-rebellion-offense","status":"publish","type":"post","link":"https:\/\/www.fiscalia.gov.co\/colombia\/en\/2014\/08\/22\/a-preventive-detention-order-was-issued-against-the-mayor-of-cantagallo-bolivar-due-to-a-rebellion-offense\/","title":{"rendered":"A preventive detention order was issued against the Mayor of Cantagallo (Bol\u00edvar) due to a rebellion offense"},"content":{"rendered":"<p>A preventive detention order with imprisonment was issued against Janeth Ester Cort\u00e9s D\u00edaz, Mayor in Cantagallo (Bol\u00edvar), by a supervisory judge \u201ccontrol de garant\u00edas\u201d due to a rebellion offense.<\/p>\n<p>The official was arrested in Barrancabermeja (Santander) by police officers last Tuesday and the legalization of her arrest was carried out in Bucaramanga on Wednesday.<\/p>\n<p>The Attorney General\u00b4s Office is investigating the above mentioned representative who was elected for the conservative party. She is under investigation for her alleged links with\u00a0 34<sup>th<\/sup>\u00a0 FARC\u00b4s Front. Cort\u00e9s D\u00edaz will remain in a prison in Bucaramanga.<\/p>\n","protected":false},"excerpt":{"rendered":"<p>A preventive detention order with imprisonment was issued against Janeth Ester Cort\u00e9s D\u00edaz, Mayor in Cantagallo (Bol\u00edvar), by a supervisory judge \u201ccontrol de garant\u00edas\u201d due to a rebellion offense. The official was arrested in Barrancabermeja (Santander) by police officers last Tuesday and the legalization of her arrest was carried out in Bucaramanga on Wednesday. The [&hellip;]<\/p>\n","protected":false},"author":1,"featured_media":0,"comment_status":"closed","ping_status":"open","sticky":false,"template":"","format":"standard","meta":{"footnotes":""},"categories":[],"tags":[],"class_list":["post-34109","post","type-post","status-publish","format-standard"],"_links":{"self":[{"href":"https:\/\/www.fiscalia.gov.co\/colombia\/en\/wp-json\/wp\/v2\/posts\/34109"}],"collection":[{"href":"https:\/\/www.fiscalia.gov.co\/colombia\/en\/wp-json\/wp\/v2\/posts"}],"about":[{"href":"https:\/\/www.fiscalia.gov.co\/colombia\/en\/wp-json\/wp\/v2\/types\/post"}],"author":[{"embeddable":true,"href":"https:\/\/www.fiscalia.gov.co\/colombia\/en\/wp-json\/wp\/v2\/users\/1"}],"replies":[{"embeddable":true,"href":"https:\/\/www.fiscalia.gov.co\/colombia\/en\/wp-json\/wp\/v2\/comments?post=34109"}],"version-history":[{"count":1,"href":"https:\/\/www.fiscalia.gov.co\/colombia\/en\/wp-json\/wp\/v2\/posts\/34109\/revisions"}],"predecessor-version":[{"id":34110,"href":"https:\/\/www.fiscalia.gov.co\/colombia\/en\/wp-json\/wp\/v2\/posts\/34109\/revisions\/34110"}],"wp:attachment":[{"href":"https:\/\/www.fiscalia.gov.co\/colombia\/en\/wp-json\/wp\/v2\/media?parent=34109"}],"wp:term":[{"taxonomy":"category","embeddable":true,"href":"https:\/\/www.fiscalia.gov.co\/colombia\/en\/wp-json\/wp\/v2\/categories?post=34109"},{"taxonomy":"post_tag","embeddable":true,"href":"https:\/\/www.fiscalia.gov.co\/colombia\/en\/wp-json\/wp\/v2\/tags?post=34109"}],"curies":[{"name":"wp","href":"https:\/\/api.w.org\/{rel}","templated":true}]}}