{"id":34084,"date":"2014-08-28T11:38:03","date_gmt":"2014-08-28T16:38:03","guid":{"rendered":"https:\/\/www.fiscalia.gov.co\/colombia\/en\/?p=34084"},"modified":"2014-10-06T14:31:33","modified_gmt":"2014-10-06T19:31:33","slug":"preventive-detention-orders-were-issued-against-eight-alleged-fleteros-in-valle-del-cauca","status":"publish","type":"post","link":"https:\/\/www.fiscalia.gov.co\/colombia\/en\/2014\/08\/28\/preventive-detention-orders-were-issued-against-eight-alleged-fleteros-in-valle-del-cauca\/","title":{"rendered":"Preventive detention orders were issued against eight alleged \u201cfleteros\u201d in Valle del Cauca"},"content":{"rendered":"<p>Preventive detention orders were issued by the 28<sup>th<\/sup> Criminal Court\u00a0 with supervisory functions \u201ccontrol de garant\u00edas\u201d\u00a0 against eight people who are accused of being part of a criminal gang involved in \u201cfleteos\u201d.<\/p>\n<p>The accused are Gilbert Andr\u00e9s Rojas Ospina, alias Orejas, who would be the ringleader of the gang ; Esteban Dom\u00ednguez Zuleta, alias Esteban; William Rojas Garc\u00eda, alias Huesos; Alberny D\u00edaz Tello, alias Tachuela; Andr\u00e9s Mauricio L\u00f3pez Hinojosa, alias Chinga; Kelly Vanessa Garc\u00eda Palacio, alias Kelly, and\u00a0 Alexander Jim\u00e9nez Ram\u00edrez, alias Coste\u00f1o.<\/p>\n<p>*<strong>Fletero \/ :<\/strong> Colombian term used for a criminal who coordinates with other people some actions \u201cfleteos\u201d in order to steal money from a person who withdraws money from the bank.<\/p>\n","protected":false},"excerpt":{"rendered":"<p>Preventive detention orders were issued by the 28th Criminal Court\u00a0 with supervisory functions \u201ccontrol de garant\u00edas\u201d\u00a0 against eight people who are accused of being part of a criminal gang involved in \u201cfleteos\u201d. The accused are Gilbert Andr\u00e9s Rojas Ospina, alias Orejas, who would be the ringleader of the gang ; Esteban Dom\u00ednguez Zuleta, alias Esteban; [&hellip;]<\/p>\n","protected":false},"author":1,"featured_media":0,"comment_status":"closed","ping_status":"open","sticky":false,"template":"","format":"standard","meta":{"footnotes":""},"categories":[],"tags":[],"class_list":["post-34084","post","type-post","status-publish","format-standard"],"_links":{"self":[{"href":"https:\/\/www.fiscalia.gov.co\/colombia\/en\/wp-json\/wp\/v2\/posts\/34084"}],"collection":[{"href":"https:\/\/www.fiscalia.gov.co\/colombia\/en\/wp-json\/wp\/v2\/posts"}],"about":[{"href":"https:\/\/www.fiscalia.gov.co\/colombia\/en\/wp-json\/wp\/v2\/types\/post"}],"author":[{"embeddable":true,"href":"https:\/\/www.fiscalia.gov.co\/colombia\/en\/wp-json\/wp\/v2\/users\/1"}],"replies":[{"embeddable":true,"href":"https:\/\/www.fiscalia.gov.co\/colombia\/en\/wp-json\/wp\/v2\/comments?post=34084"}],"version-history":[{"count":1,"href":"https:\/\/www.fiscalia.gov.co\/colombia\/en\/wp-json\/wp\/v2\/posts\/34084\/revisions"}],"predecessor-version":[{"id":34085,"href":"https:\/\/www.fiscalia.gov.co\/colombia\/en\/wp-json\/wp\/v2\/posts\/34084\/revisions\/34085"}],"wp:attachment":[{"href":"https:\/\/www.fiscalia.gov.co\/colombia\/en\/wp-json\/wp\/v2\/media?parent=34084"}],"wp:term":[{"taxonomy":"category","embeddable":true,"href":"https:\/\/www.fiscalia.gov.co\/colombia\/en\/wp-json\/wp\/v2\/categories?post=34084"},{"taxonomy":"post_tag","embeddable":true,"href":"https:\/\/www.fiscalia.gov.co\/colombia\/en\/wp-json\/wp\/v2\/tags?post=34084"}],"curies":[{"name":"wp","href":"https:\/\/api.w.org\/{rel}","templated":true}]}}