{"id":34079,"date":"2014-09-23T15:35:04","date_gmt":"2014-09-23T20:35:04","guid":{"rendered":"https:\/\/www.fiscalia.gov.co\/colombia\/en\/?p=34079"},"modified":"2015-12-28T10:59:33","modified_gmt":"2015-12-28T15:59:33","slug":"the-attorney-general%c2%b4s-office-gave-a-report-about-its-management-rendicion-de-cuentas","status":"publish","type":"post","link":"https:\/\/www.fiscalia.gov.co\/colombia\/en\/2014\/09\/23\/the-attorney-general%c2%b4s-office-gave-a-report-about-its-management-rendicion-de-cuentas\/","title":{"rendered":"The Attorney General\u00b4s Office gave a report about its management  \u201cRendici\u00f3n de Cuentas\u201d"},"content":{"rendered":"<p>On Tuesday, the Attorney General\u00b4s Office gave a report to citizens about its management during 2013-2014 \u201cRendici\u00f3n de Cuentas 2013-2014\u201d concerning criminal investigations, resource management, and progresses with the Attorney General\u00b4s Office modernization process.<\/p>\n<p>This public hearing was attended by the Colombian General Attorney, Eduardo Montealegre Lynett; the Interim Deputy Assistant Attorney General, Alexandra Ladino; Management Support National Director, Marcela Y\u00e9pes G\u00f3mez, Director of the Higher Education Institute <em>Conocimiento e Innovaci\u00f3n para la Justicia <\/em>(Knowledge and Innovation for Justice), C\u00e9sar Augusto Solanilla; National Director of Public Policies and Planning, Miguel La Rota and\u00a0 National Director of Regional Offices and Public safety, Luis Gonz\u00e1lez Le\u00f3n.<\/p>\n","protected":false},"excerpt":{"rendered":"<p>On Tuesday, the Attorney General\u00b4s Office gave a report to citizens about its management during 2013-2014 \u201cRendici\u00f3n de Cuentas 2013-2014\u201d concerning criminal investigations, resource management<\/p>\n","protected":false},"author":1,"featured_media":0,"comment_status":"closed","ping_status":"open","sticky":false,"template":"","format":"standard","meta":{"footnotes":""},"categories":[],"tags":[],"class_list":["post-34079","post","type-post","status-publish","format-standard"],"_links":{"self":[{"href":"https:\/\/www.fiscalia.gov.co\/colombia\/en\/wp-json\/wp\/v2\/posts\/34079"}],"collection":[{"href":"https:\/\/www.fiscalia.gov.co\/colombia\/en\/wp-json\/wp\/v2\/posts"}],"about":[{"href":"https:\/\/www.fiscalia.gov.co\/colombia\/en\/wp-json\/wp\/v2\/types\/post"}],"author":[{"embeddable":true,"href":"https:\/\/www.fiscalia.gov.co\/colombia\/en\/wp-json\/wp\/v2\/users\/1"}],"replies":[{"embeddable":true,"href":"https:\/\/www.fiscalia.gov.co\/colombia\/en\/wp-json\/wp\/v2\/comments?post=34079"}],"version-history":[{"count":2,"href":"https:\/\/www.fiscalia.gov.co\/colombia\/en\/wp-json\/wp\/v2\/posts\/34079\/revisions"}],"predecessor-version":[{"id":34907,"href":"https:\/\/www.fiscalia.gov.co\/colombia\/en\/wp-json\/wp\/v2\/posts\/34079\/revisions\/34907"}],"wp:attachment":[{"href":"https:\/\/www.fiscalia.gov.co\/colombia\/en\/wp-json\/wp\/v2\/media?parent=34079"}],"wp:term":[{"taxonomy":"category","embeddable":true,"href":"https:\/\/www.fiscalia.gov.co\/colombia\/en\/wp-json\/wp\/v2\/categories?post=34079"},{"taxonomy":"post_tag","embeddable":true,"href":"https:\/\/www.fiscalia.gov.co\/colombia\/en\/wp-json\/wp\/v2\/tags?post=34079"}],"curies":[{"name":"wp","href":"https:\/\/api.w.org\/{rel}","templated":true}]}}