{"id":34075,"date":"2014-08-29T14:09:10","date_gmt":"2014-08-29T19:09:10","guid":{"rendered":"https:\/\/www.fiscalia.gov.co\/colombia\/en\/?p=34075"},"modified":"2014-10-06T14:22:25","modified_gmt":"2014-10-06T19:22:25","slug":"noe-gabriel-vergara-ponton-was-sentenced-for-aggravated-murder-to-more-than-33-years","status":"publish","type":"post","link":"https:\/\/www.fiscalia.gov.co\/colombia\/en\/2014\/08\/29\/noe-gabriel-vergara-ponton-was-sentenced-for-aggravated-murder-to-more-than-33-years\/","title":{"rendered":"No\u00e9 Gabriel Vergara Pont\u00f3n was sentenced for aggravated murder to more than 33 years"},"content":{"rendered":"<p>The 7<sup>th<\/sup> Criminal Circuit Court hearing the case \u201cJuzgado de Conocimiento\u201d\u00a0 in Barranquilla (Atl\u00e1ntico) sentenced No\u00e9 Gabriel Vergara Pont\u00f3n to 33 years and 4 months in prison for being the alleged responsible for the murder of Mart\u00edn de Jes\u00fas Carrillo Cruz .<\/p>\n","protected":false},"excerpt":{"rendered":"<p>The 7th Criminal Circuit Court hearing the case \u201cJuzgado de Conocimiento\u201d\u00a0 in Barranquilla (Atl\u00e1ntico) sentenced No\u00e9 Gabriel Vergara Pont\u00f3n to 33 years and 4 months in prison for being the alleged responsible for the murder of Mart\u00edn de Jes\u00fas Carrillo Cruz .<\/p>\n","protected":false},"author":1,"featured_media":0,"comment_status":"closed","ping_status":"open","sticky":false,"template":"","format":"standard","meta":{"footnotes":""},"categories":[],"tags":[],"class_list":["post-34075","post","type-post","status-publish","format-standard"],"_links":{"self":[{"href":"https:\/\/www.fiscalia.gov.co\/colombia\/en\/wp-json\/wp\/v2\/posts\/34075"}],"collection":[{"href":"https:\/\/www.fiscalia.gov.co\/colombia\/en\/wp-json\/wp\/v2\/posts"}],"about":[{"href":"https:\/\/www.fiscalia.gov.co\/colombia\/en\/wp-json\/wp\/v2\/types\/post"}],"author":[{"embeddable":true,"href":"https:\/\/www.fiscalia.gov.co\/colombia\/en\/wp-json\/wp\/v2\/users\/1"}],"replies":[{"embeddable":true,"href":"https:\/\/www.fiscalia.gov.co\/colombia\/en\/wp-json\/wp\/v2\/comments?post=34075"}],"version-history":[{"count":1,"href":"https:\/\/www.fiscalia.gov.co\/colombia\/en\/wp-json\/wp\/v2\/posts\/34075\/revisions"}],"predecessor-version":[{"id":34076,"href":"https:\/\/www.fiscalia.gov.co\/colombia\/en\/wp-json\/wp\/v2\/posts\/34075\/revisions\/34076"}],"wp:attachment":[{"href":"https:\/\/www.fiscalia.gov.co\/colombia\/en\/wp-json\/wp\/v2\/media?parent=34075"}],"wp:term":[{"taxonomy":"category","embeddable":true,"href":"https:\/\/www.fiscalia.gov.co\/colombia\/en\/wp-json\/wp\/v2\/categories?post=34075"},{"taxonomy":"post_tag","embeddable":true,"href":"https:\/\/www.fiscalia.gov.co\/colombia\/en\/wp-json\/wp\/v2\/tags?post=34075"}],"curies":[{"name":"wp","href":"https:\/\/api.w.org\/{rel}","templated":true}]}}