{"id":34057,"date":"2014-08-14T17:07:05","date_gmt":"2014-08-14T22:07:05","guid":{"rendered":"https:\/\/www.fiscalia.gov.co\/colombia\/en\/?p=34057"},"modified":"2014-09-26T11:14:15","modified_gmt":"2014-09-26T16:14:15","slug":"a-preventive-detention-order-was-issued-against-mayor-of-bagado-choco-for-child-abuse","status":"publish","type":"post","link":"https:\/\/www.fiscalia.gov.co\/colombia\/en\/2014\/08\/14\/a-preventive-detention-order-was-issued-against-mayor-of-bagado-choco-for-child-abuse\/","title":{"rendered":"A preventive detention order was issued against Mayor of Bagad\u00f3 (Choc\u00f3) for child abuse"},"content":{"rendered":"<p>At the request of the Attorney General\u00b4s Office, the Second Municipal Criminal Court\u00a0 in Quibd\u00f3 with supervisory functions \u201ccontrol de garantias\u201d issued\u00a0 a preventive detention order with imprisonment against current Mayor of Bagad\u00f3 (Choc\u00f3), Yasson Anilio Bedoya Renter\u00eda, \u00a0for the alleged offense of \u00a0sexual act with a 14 years old female.<\/p>\n<p>According to statements given by the victim before the prosecutor in the case, the incident occurred in April 2012 at the offender\u00b4s house when she was helping with household chores.<\/p>\n","protected":false},"excerpt":{"rendered":"<p>At the request of the Attorney General\u00b4s Office, the Second Municipal Criminal Court\u00a0 in Quibd\u00f3 with supervisory functions \u201ccontrol de garantias\u201d issued\u00a0 a preventive detention order with imprisonment against current Mayor of Bagad\u00f3 (Choc\u00f3), Yasson Anilio Bedoya Renter\u00eda, \u00a0for the alleged offense of \u00a0sexual act with a 14 years old female. According to statements given [&hellip;]<\/p>\n","protected":false},"author":1,"featured_media":0,"comment_status":"closed","ping_status":"open","sticky":false,"template":"","format":"standard","meta":{"footnotes":""},"categories":[],"tags":[],"class_list":["post-34057","post","type-post","status-publish","format-standard"],"_links":{"self":[{"href":"https:\/\/www.fiscalia.gov.co\/colombia\/en\/wp-json\/wp\/v2\/posts\/34057"}],"collection":[{"href":"https:\/\/www.fiscalia.gov.co\/colombia\/en\/wp-json\/wp\/v2\/posts"}],"about":[{"href":"https:\/\/www.fiscalia.gov.co\/colombia\/en\/wp-json\/wp\/v2\/types\/post"}],"author":[{"embeddable":true,"href":"https:\/\/www.fiscalia.gov.co\/colombia\/en\/wp-json\/wp\/v2\/users\/1"}],"replies":[{"embeddable":true,"href":"https:\/\/www.fiscalia.gov.co\/colombia\/en\/wp-json\/wp\/v2\/comments?post=34057"}],"version-history":[{"count":1,"href":"https:\/\/www.fiscalia.gov.co\/colombia\/en\/wp-json\/wp\/v2\/posts\/34057\/revisions"}],"predecessor-version":[{"id":34058,"href":"https:\/\/www.fiscalia.gov.co\/colombia\/en\/wp-json\/wp\/v2\/posts\/34057\/revisions\/34058"}],"wp:attachment":[{"href":"https:\/\/www.fiscalia.gov.co\/colombia\/en\/wp-json\/wp\/v2\/media?parent=34057"}],"wp:term":[{"taxonomy":"category","embeddable":true,"href":"https:\/\/www.fiscalia.gov.co\/colombia\/en\/wp-json\/wp\/v2\/categories?post=34057"},{"taxonomy":"post_tag","embeddable":true,"href":"https:\/\/www.fiscalia.gov.co\/colombia\/en\/wp-json\/wp\/v2\/tags?post=34057"}],"curies":[{"name":"wp","href":"https:\/\/api.w.org\/{rel}","templated":true}]}}