{"id":34049,"date":"2014-08-16T10:00:03","date_gmt":"2014-08-16T15:00:03","guid":{"rendered":"https:\/\/www.fiscalia.gov.co\/colombia\/en\/?p=34049"},"modified":"2014-09-26T11:08:10","modified_gmt":"2014-09-26T16:08:10","slug":"an-army-officer-was-sentenced-to-more-than-23-years-in-prison-for-the-murder-of-neurosurgeon-jorge-daza","status":"publish","type":"post","link":"https:\/\/www.fiscalia.gov.co\/colombia\/en\/2014\/08\/16\/an-army-officer-was-sentenced-to-more-than-23-years-in-prison-for-the-murder-of-neurosurgeon-jorge-daza\/","title":{"rendered":"An Army Officer was sentenced to more than 23 years in prison for the murder of neurosurgeon Jorge Daza"},"content":{"rendered":"<p>The Army Officer, Apolinar Betancourt Ram\u00edrez, was sentenced to 23 years and 10 months in prison by the 6<sup>th<\/sup> Circuit Criminal Court in Barranquilla after he pled guilty to the murder of neurosurgeon Jorge Daza Barriga committed on January 24<sup>th<\/sup>, at Ciudad Jard\u00edn neighborhood in Barranquilla (Atl\u00e1ntico).<\/p>\n<p>The National Director of Specialized National\u00a0 Prosecutor\u00b4s Offices \u00a0on\u00a0 Organized Crime, \u00c1lvaro Sarmiento Garc\u00eda stated that Betancourt Ram\u00edrez drove the vehicle which arrived at the doctor\u00b4s apartment, he bought the car and he hired criminals to commit this murder.<\/p>\n","protected":false},"excerpt":{"rendered":"<p>The Army Officer, Apolinar Betancourt Ram\u00edrez, was sentenced to 23 years and 10 months in prison by the 6th Circuit Criminal Court in Barranquilla after he pled guilty to the murder of neurosurgeon Jorge Daza Barriga committed on January 24th, at Ciudad Jard\u00edn neighborhood in Barranquilla (Atl\u00e1ntico). The National Director of Specialized National\u00a0 Prosecutor\u00b4s Offices [&hellip;]<\/p>\n","protected":false},"author":1,"featured_media":0,"comment_status":"closed","ping_status":"open","sticky":false,"template":"","format":"standard","meta":{"footnotes":""},"categories":[],"tags":[],"class_list":["post-34049","post","type-post","status-publish","format-standard"],"_links":{"self":[{"href":"https:\/\/www.fiscalia.gov.co\/colombia\/en\/wp-json\/wp\/v2\/posts\/34049"}],"collection":[{"href":"https:\/\/www.fiscalia.gov.co\/colombia\/en\/wp-json\/wp\/v2\/posts"}],"about":[{"href":"https:\/\/www.fiscalia.gov.co\/colombia\/en\/wp-json\/wp\/v2\/types\/post"}],"author":[{"embeddable":true,"href":"https:\/\/www.fiscalia.gov.co\/colombia\/en\/wp-json\/wp\/v2\/users\/1"}],"replies":[{"embeddable":true,"href":"https:\/\/www.fiscalia.gov.co\/colombia\/en\/wp-json\/wp\/v2\/comments?post=34049"}],"version-history":[{"count":1,"href":"https:\/\/www.fiscalia.gov.co\/colombia\/en\/wp-json\/wp\/v2\/posts\/34049\/revisions"}],"predecessor-version":[{"id":34050,"href":"https:\/\/www.fiscalia.gov.co\/colombia\/en\/wp-json\/wp\/v2\/posts\/34049\/revisions\/34050"}],"wp:attachment":[{"href":"https:\/\/www.fiscalia.gov.co\/colombia\/en\/wp-json\/wp\/v2\/media?parent=34049"}],"wp:term":[{"taxonomy":"category","embeddable":true,"href":"https:\/\/www.fiscalia.gov.co\/colombia\/en\/wp-json\/wp\/v2\/categories?post=34049"},{"taxonomy":"post_tag","embeddable":true,"href":"https:\/\/www.fiscalia.gov.co\/colombia\/en\/wp-json\/wp\/v2\/tags?post=34049"}],"curies":[{"name":"wp","href":"https:\/\/api.w.org\/{rel}","templated":true}]}}