{"id":34039,"date":"2014-08-14T09:06:23","date_gmt":"2014-08-14T14:06:23","guid":{"rendered":"https:\/\/www.fiscalia.gov.co\/colombia\/en\/?p=34039"},"modified":"2014-09-26T09:16:30","modified_gmt":"2014-09-26T14:16:30","slug":"a-preventive-detention-order-was-issued-against-mayor-and-former-planning-secretary-in-sitionuevo-magdalena","status":"publish","type":"post","link":"https:\/\/www.fiscalia.gov.co\/colombia\/en\/2014\/08\/14\/a-preventive-detention-order-was-issued-against-mayor-and-former-planning-secretary-in-sitionuevo-magdalena\/","title":{"rendered":"A preventive detention order was issued against mayor and former Planning Secretary in Sitionuevo (Magdalena)"},"content":{"rendered":"<p>A preventive detention order with home confinement was issued by the 6<sup>th<\/sup> Municipal Criminal Judge with supervisory functions \u201ccontrol de garant\u00edas\u201d in Santa Marta against Mayor in Sitionuevo, Omar Alfonso D\u00edaz Guti\u00e9rrez, and former Planning Secretary, Ederlides Guti\u00e9rrez Manga, for the alleged offenses of execution of contracts without compliance of the legal requirements, misappropriation, breach of rules against disqualifications and incompatibilities.<\/p>\n","protected":false},"excerpt":{"rendered":"<p>A preventive detention order with home confinement was issued by the 6th Municipal Criminal Judge with supervisory functions \u201ccontrol de garant\u00edas\u201d in Santa Marta against Mayor in Sitionuevo, Omar Alfonso D\u00edaz Guti\u00e9rrez, and former Planning Secretary, Ederlides Guti\u00e9rrez Manga, for the alleged offenses of execution of contracts without compliance of the legal requirements, misappropriation, breach [&hellip;]<\/p>\n","protected":false},"author":1,"featured_media":0,"comment_status":"closed","ping_status":"open","sticky":false,"template":"","format":"standard","meta":{"footnotes":""},"categories":[],"tags":[],"class_list":["post-34039","post","type-post","status-publish","format-standard"],"_links":{"self":[{"href":"https:\/\/www.fiscalia.gov.co\/colombia\/en\/wp-json\/wp\/v2\/posts\/34039"}],"collection":[{"href":"https:\/\/www.fiscalia.gov.co\/colombia\/en\/wp-json\/wp\/v2\/posts"}],"about":[{"href":"https:\/\/www.fiscalia.gov.co\/colombia\/en\/wp-json\/wp\/v2\/types\/post"}],"author":[{"embeddable":true,"href":"https:\/\/www.fiscalia.gov.co\/colombia\/en\/wp-json\/wp\/v2\/users\/1"}],"replies":[{"embeddable":true,"href":"https:\/\/www.fiscalia.gov.co\/colombia\/en\/wp-json\/wp\/v2\/comments?post=34039"}],"version-history":[{"count":1,"href":"https:\/\/www.fiscalia.gov.co\/colombia\/en\/wp-json\/wp\/v2\/posts\/34039\/revisions"}],"predecessor-version":[{"id":34040,"href":"https:\/\/www.fiscalia.gov.co\/colombia\/en\/wp-json\/wp\/v2\/posts\/34039\/revisions\/34040"}],"wp:attachment":[{"href":"https:\/\/www.fiscalia.gov.co\/colombia\/en\/wp-json\/wp\/v2\/media?parent=34039"}],"wp:term":[{"taxonomy":"category","embeddable":true,"href":"https:\/\/www.fiscalia.gov.co\/colombia\/en\/wp-json\/wp\/v2\/categories?post=34039"},{"taxonomy":"post_tag","embeddable":true,"href":"https:\/\/www.fiscalia.gov.co\/colombia\/en\/wp-json\/wp\/v2\/tags?post=34039"}],"curies":[{"name":"wp","href":"https:\/\/api.w.org\/{rel}","templated":true}]}}