{"id":34006,"date":"2014-08-13T14:06:07","date_gmt":"2014-08-13T19:06:07","guid":{"rendered":"https:\/\/www.fiscalia.gov.co\/colombia\/en\/?p=34006"},"modified":"2014-09-15T16:13:28","modified_gmt":"2014-09-15T21:13:28","slug":"a-citizen-from-mexico-was-sentenced-for-drug-trafficking","status":"publish","type":"post","link":"https:\/\/www.fiscalia.gov.co\/colombia\/en\/2014\/08\/13\/a-citizen-from-mexico-was-sentenced-for-drug-trafficking\/","title":{"rendered":"A citizen from M\u00e9xico was sentenced for drug trafficking"},"content":{"rendered":"<p>Flavio Gal\u00e1n Hern\u00e1ndez, a Mexican citizen, was sentenced to 1 year, 8 months in prison and ordered to pay a 1.333 statutory minimum wage fine for the crime of trafficking, manufacturing or aggravated possession of drugs by the First Specialized Circuit Court of Bogot\u00e1 which has jurisdiction over this matter (funciones de conocimiento in spanish).<\/p>\n","protected":false},"excerpt":{"rendered":"<p>Flavio Gal\u00e1n Hern\u00e1ndez, a Mexican citizen, was sentenced to 1 year, 8 months in prison and ordered to pay a 1.333 statutory minimum wage fine for the crime of trafficking, manufacturing or aggravated possession of drugs by the First Specialized Circuit Court of Bogot\u00e1 which has jurisdiction over this matter (funciones de conocimiento in spanish).<\/p>\n","protected":false},"author":1,"featured_media":0,"comment_status":"closed","ping_status":"open","sticky":false,"template":"","format":"standard","meta":{"footnotes":""},"categories":[],"tags":[],"class_list":["post-34006","post","type-post","status-publish","format-standard"],"_links":{"self":[{"href":"https:\/\/www.fiscalia.gov.co\/colombia\/en\/wp-json\/wp\/v2\/posts\/34006"}],"collection":[{"href":"https:\/\/www.fiscalia.gov.co\/colombia\/en\/wp-json\/wp\/v2\/posts"}],"about":[{"href":"https:\/\/www.fiscalia.gov.co\/colombia\/en\/wp-json\/wp\/v2\/types\/post"}],"author":[{"embeddable":true,"href":"https:\/\/www.fiscalia.gov.co\/colombia\/en\/wp-json\/wp\/v2\/users\/1"}],"replies":[{"embeddable":true,"href":"https:\/\/www.fiscalia.gov.co\/colombia\/en\/wp-json\/wp\/v2\/comments?post=34006"}],"version-history":[{"count":1,"href":"https:\/\/www.fiscalia.gov.co\/colombia\/en\/wp-json\/wp\/v2\/posts\/34006\/revisions"}],"predecessor-version":[{"id":34007,"href":"https:\/\/www.fiscalia.gov.co\/colombia\/en\/wp-json\/wp\/v2\/posts\/34006\/revisions\/34007"}],"wp:attachment":[{"href":"https:\/\/www.fiscalia.gov.co\/colombia\/en\/wp-json\/wp\/v2\/media?parent=34006"}],"wp:term":[{"taxonomy":"category","embeddable":true,"href":"https:\/\/www.fiscalia.gov.co\/colombia\/en\/wp-json\/wp\/v2\/categories?post=34006"},{"taxonomy":"post_tag","embeddable":true,"href":"https:\/\/www.fiscalia.gov.co\/colombia\/en\/wp-json\/wp\/v2\/tags?post=34006"}],"curies":[{"name":"wp","href":"https:\/\/api.w.org\/{rel}","templated":true}]}}