{"id":34002,"date":"2014-08-13T14:02:41","date_gmt":"2014-08-13T19:02:41","guid":{"rendered":"https:\/\/www.fiscalia.gov.co\/colombia\/en\/?p=34002"},"modified":"2014-09-15T16:10:19","modified_gmt":"2014-09-15T21:10:19","slug":"people-who-sent-narcotics-in-a-flowers-cargo-to-amsterdam-netherlands-were-sentenced-to-10-year-in-prison","status":"publish","type":"post","link":"https:\/\/www.fiscalia.gov.co\/colombia\/en\/2014\/08\/13\/people-who-sent-narcotics-in-a-flowers-cargo-to-amsterdam-netherlands-were-sentenced-to-10-year-in-prison\/","title":{"rendered":"People who sent narcotics in a flowers cargo to Amsterdam (Netherlands) were sentenced to 10 year in prison"},"content":{"rendered":"<p>Based on the evidentiary material submitted by the prosecutor in the case, Luis Mahecha Su\u00e1rez, Omar Rodr\u00edguez Jim\u00e9nez and William Alfonso Forero Pulido were sentenced by the 7<sup>th<\/sup> Specialized Circuit Court to 128 months in prison and ordered to pay a 1.333 statutory minimum wage fine for a shipment of 77.9 kilograms of cocaine concealed in boxes of flowers.<\/p>\n","protected":false},"excerpt":{"rendered":"<p>Based on the evidentiary material submitted by the prosecutor in the case, Luis Mahecha Su\u00e1rez, Omar Rodr\u00edguez Jim\u00e9nez and William Alfonso Forero Pulido were sentenced by the 7th Specialized Circuit Court to 128 months in prison and ordered to pay a 1.333 statutory minimum wage fine for a shipment of 77.9 kilograms of cocaine concealed [&hellip;]<\/p>\n","protected":false},"author":1,"featured_media":0,"comment_status":"closed","ping_status":"open","sticky":false,"template":"","format":"standard","meta":{"footnotes":""},"categories":[],"tags":[],"class_list":["post-34002","post","type-post","status-publish","format-standard"],"_links":{"self":[{"href":"https:\/\/www.fiscalia.gov.co\/colombia\/en\/wp-json\/wp\/v2\/posts\/34002"}],"collection":[{"href":"https:\/\/www.fiscalia.gov.co\/colombia\/en\/wp-json\/wp\/v2\/posts"}],"about":[{"href":"https:\/\/www.fiscalia.gov.co\/colombia\/en\/wp-json\/wp\/v2\/types\/post"}],"author":[{"embeddable":true,"href":"https:\/\/www.fiscalia.gov.co\/colombia\/en\/wp-json\/wp\/v2\/users\/1"}],"replies":[{"embeddable":true,"href":"https:\/\/www.fiscalia.gov.co\/colombia\/en\/wp-json\/wp\/v2\/comments?post=34002"}],"version-history":[{"count":1,"href":"https:\/\/www.fiscalia.gov.co\/colombia\/en\/wp-json\/wp\/v2\/posts\/34002\/revisions"}],"predecessor-version":[{"id":34003,"href":"https:\/\/www.fiscalia.gov.co\/colombia\/en\/wp-json\/wp\/v2\/posts\/34002\/revisions\/34003"}],"wp:attachment":[{"href":"https:\/\/www.fiscalia.gov.co\/colombia\/en\/wp-json\/wp\/v2\/media?parent=34002"}],"wp:term":[{"taxonomy":"category","embeddable":true,"href":"https:\/\/www.fiscalia.gov.co\/colombia\/en\/wp-json\/wp\/v2\/categories?post=34002"},{"taxonomy":"post_tag","embeddable":true,"href":"https:\/\/www.fiscalia.gov.co\/colombia\/en\/wp-json\/wp\/v2\/tags?post=34002"}],"curies":[{"name":"wp","href":"https:\/\/api.w.org\/{rel}","templated":true}]}}