{"id":33970,"date":"2014-09-04T18:20:00","date_gmt":"2014-09-04T23:20:00","guid":{"rendered":"https:\/\/www.fiscalia.gov.co\/colombia\/en\/?p=33970"},"modified":"2014-09-15T10:12:39","modified_gmt":"2014-09-15T15:12:39","slug":"the-interim-attorney-general-hands-over-an-expert-report-concerning-collapse-of-the-so-called-space-building","status":"publish","type":"post","link":"https:\/\/www.fiscalia.gov.co\/colombia\/en\/2014\/09\/04\/the-interim-attorney-general-hands-over-an-expert-report-concerning-collapse-of-the-so-called-space-building\/","title":{"rendered":"The Interim Attorney General hands over an expert report concerning collapse of the so called Space building"},"content":{"rendered":"<p>Today in Medell\u00edn (Antioquia), the Interim Attorney General, Jorge Fernando Perdomo Torres, handed over the findings on the expert report concerning the causes of Space building collapse which occurred on October 12, 2013 causing the death of twelve people.<\/p>\n<p>According to the report, the construction company committed negligence, the concrete used had little resistance, no memories (support documents of the project) and structural drawings were reviewed and there was not the proper technical supervision of the project.<\/p>\n<p>Next week, the Attorney General\u00b4s Office will hand down an indictment against Pablo Villegas Mesa, legal representative of the construction company\u00a0 L\u00e9rida CDO; Maria Cecilia Posada Grisales, director of the project\u00a0 and Jorge de Jes\u00fas Aristiz\u00e1bal Ochoa, structural engineer, for a manslaughter offense. An indictment against the Approved Inspector of Medell\u00edn, Carlos Alberto Ruiz will be handed down for the\u00a0 crime of\u00a0 breach of public duty (action).<\/p>\n<p>The senior official also highlighted the work of the regional Prosecutor&#8217;s Offices of Medellin and Antioquia and stated that during the first half of this year, 800 arrests were conducted in this area of the country according to a court order.<\/p>\n<p>He further stated that the Attorney General\u00b4s Office will work in coordination with the Mayor\u00b4s Office in Medell\u00edn and other local authorities to fight against organized crime in the central area of Medellin and other areas called<em> \u201ccomunas\u201d<\/em> where violence has increased.<\/p>\n","protected":false},"excerpt":{"rendered":"<p>Today in Medell\u00edn (Antioquia), the Interim Attorney General, Jorge Fernando Perdomo Torres, handed over the findings on the expert report concerning the causes of Space building collapse which occurred on October 12, 2013 causing the death of twelve people. According to the report, the construction company committed negligence, the concrete used had little resistance, no [&hellip;]<\/p>\n","protected":false},"author":1,"featured_media":0,"comment_status":"closed","ping_status":"open","sticky":false,"template":"","format":"standard","meta":{"footnotes":""},"categories":[],"tags":[],"class_list":["post-33970","post","type-post","status-publish","format-standard"],"_links":{"self":[{"href":"https:\/\/www.fiscalia.gov.co\/colombia\/en\/wp-json\/wp\/v2\/posts\/33970"}],"collection":[{"href":"https:\/\/www.fiscalia.gov.co\/colombia\/en\/wp-json\/wp\/v2\/posts"}],"about":[{"href":"https:\/\/www.fiscalia.gov.co\/colombia\/en\/wp-json\/wp\/v2\/types\/post"}],"author":[{"embeddable":true,"href":"https:\/\/www.fiscalia.gov.co\/colombia\/en\/wp-json\/wp\/v2\/users\/1"}],"replies":[{"embeddable":true,"href":"https:\/\/www.fiscalia.gov.co\/colombia\/en\/wp-json\/wp\/v2\/comments?post=33970"}],"version-history":[{"count":1,"href":"https:\/\/www.fiscalia.gov.co\/colombia\/en\/wp-json\/wp\/v2\/posts\/33970\/revisions"}],"predecessor-version":[{"id":33971,"href":"https:\/\/www.fiscalia.gov.co\/colombia\/en\/wp-json\/wp\/v2\/posts\/33970\/revisions\/33971"}],"wp:attachment":[{"href":"https:\/\/www.fiscalia.gov.co\/colombia\/en\/wp-json\/wp\/v2\/media?parent=33970"}],"wp:term":[{"taxonomy":"category","embeddable":true,"href":"https:\/\/www.fiscalia.gov.co\/colombia\/en\/wp-json\/wp\/v2\/categories?post=33970"},{"taxonomy":"post_tag","embeddable":true,"href":"https:\/\/www.fiscalia.gov.co\/colombia\/en\/wp-json\/wp\/v2\/tags?post=33970"}],"curies":[{"name":"wp","href":"https:\/\/api.w.org\/{rel}","templated":true}]}}