{"id":33918,"date":"2014-07-16T18:31:10","date_gmt":"2014-07-16T23:31:10","guid":{"rendered":"https:\/\/www.fiscalia.gov.co\/colombia\/en\/?p=33918"},"modified":"2014-08-27T15:26:22","modified_gmt":"2014-08-27T20:26:22","slug":"attorney-general%c2%b4s-office-brought-charges-against-retired-general-miguel-maza-marquez-for-the-murder-of-luis-carlos-galan","status":"publish","type":"post","link":"https:\/\/www.fiscalia.gov.co\/colombia\/en\/2014\/07\/16\/attorney-general%c2%b4s-office-brought-charges-against-retired-general-miguel-maza-marquez-for-the-murder-of-luis-carlos-galan\/","title":{"rendered":"Attorney General\u00b4s Office brought charges against retired General Miguel Maza M\u00e1rquez for the murder of Luis Carlos Gal\u00e1n"},"content":{"rendered":"<p>The Delegate Prosecutor\u2019s Office at the Supreme Court brought charges against former Head of the Administrative Department of Security DAS, retired General Miguel Alfredo Maza M\u00e1rquez before the Criminal Court of the Supreme Court of Justice for the events occurred on august 18th, 1989 at\u00a0 Soacha (Cundinamarca) in which the presidential candidate at that time, Luis Carlos Gal\u00e1n Sarmiento, was murdered.<\/p>\n<p>The former head of DAS was accused as alleged co-author of criminal conspiracy due to alleged links with illegal armed groups,\u00a0 murder with terrorist purposes in the case of\u00a0 Luis Carlos Gal\u00e1n Sarmiento, councilor\u00a0 Julio C\u00e9sar Pe\u00f1aloza S\u00e1nchez and DAS security guard Santiago Cuervo Jim\u00e9nez, also attempted murder of\u00a0 Pedro Nel Angulo Bonilla, one of the security guards of Gal\u00e1n Sarmiento.<\/p>\n<p>Currently, Maza Marquez is under detention in the north area of Bogot\u00e1.<\/p>\n","protected":false},"excerpt":{"rendered":"<p>The Delegate Prosecutor\u2019s Office at the Supreme Court brought charges against former Head of the Administrative Department of Security DAS, retired General Miguel Alfredo Maza M\u00e1rquez before the Criminal Court of the Supreme Court of Justice for the events occurred on august 18th, 1989 at\u00a0 Soacha (Cundinamarca) in which the presidential candidate at that time, [&hellip;]<\/p>\n","protected":false},"author":1,"featured_media":0,"comment_status":"closed","ping_status":"open","sticky":false,"template":"","format":"standard","meta":{"footnotes":""},"categories":[],"tags":[],"class_list":["post-33918","post","type-post","status-publish","format-standard"],"_links":{"self":[{"href":"https:\/\/www.fiscalia.gov.co\/colombia\/en\/wp-json\/wp\/v2\/posts\/33918"}],"collection":[{"href":"https:\/\/www.fiscalia.gov.co\/colombia\/en\/wp-json\/wp\/v2\/posts"}],"about":[{"href":"https:\/\/www.fiscalia.gov.co\/colombia\/en\/wp-json\/wp\/v2\/types\/post"}],"author":[{"embeddable":true,"href":"https:\/\/www.fiscalia.gov.co\/colombia\/en\/wp-json\/wp\/v2\/users\/1"}],"replies":[{"embeddable":true,"href":"https:\/\/www.fiscalia.gov.co\/colombia\/en\/wp-json\/wp\/v2\/comments?post=33918"}],"version-history":[{"count":1,"href":"https:\/\/www.fiscalia.gov.co\/colombia\/en\/wp-json\/wp\/v2\/posts\/33918\/revisions"}],"predecessor-version":[{"id":33919,"href":"https:\/\/www.fiscalia.gov.co\/colombia\/en\/wp-json\/wp\/v2\/posts\/33918\/revisions\/33919"}],"wp:attachment":[{"href":"https:\/\/www.fiscalia.gov.co\/colombia\/en\/wp-json\/wp\/v2\/media?parent=33918"}],"wp:term":[{"taxonomy":"category","embeddable":true,"href":"https:\/\/www.fiscalia.gov.co\/colombia\/en\/wp-json\/wp\/v2\/categories?post=33918"},{"taxonomy":"post_tag","embeddable":true,"href":"https:\/\/www.fiscalia.gov.co\/colombia\/en\/wp-json\/wp\/v2\/tags?post=33918"}],"curies":[{"name":"wp","href":"https:\/\/api.w.org\/{rel}","templated":true}]}}