{"id":33914,"date":"2014-07-16T13:41:43","date_gmt":"2014-07-16T18:41:43","guid":{"rendered":"https:\/\/www.fiscalia.gov.co\/colombia\/en\/?p=33914"},"modified":"2014-08-27T15:23:03","modified_gmt":"2014-08-27T20:23:03","slug":"maximum-penalty-in-a-case-of-massacre-at-robledo-neighborhood-in-medellin","status":"publish","type":"post","link":"https:\/\/www.fiscalia.gov.co\/colombia\/en\/2014\/07\/16\/maximum-penalty-in-a-case-of-massacre-at-robledo-neighborhood-in-medellin\/","title":{"rendered":"Maximum penalty in a case of massacre at Robledo neighborhood in Medellin"},"content":{"rendered":"<p>Eduardo Alberto Murillo Mena, alias El Diablo was sentenced to 60 years in prison for his participation in an armed attack at <em>Robledo <\/em>neighborhood in the city of Medellin. As a result of this action, five people died and one was injured.<\/p>\n<p>According to the investigation conducted by a regional prosecutor in Medellin on April 30, 2011 Murillo Mena accompanied by another person burst into many apartments of that community and took several residents out and then they were taken to building number 16.<\/p>\n<p>Then he called a third person who allegedly ordered to shot at all people. As a result, Juan David Cort\u00e9s Fern\u00e1ndez, Eduard R\u00edos Zapata, Harnefer Pareja Zapata, Elver Jim\u00e9nez Montoya y Gladis Elena Avenda\u00f1o Rodr\u00edguez died.\u00a0 Cristina Zapata Arias was injured.<\/p>\n","protected":false},"excerpt":{"rendered":"<p>Eduardo Alberto Murillo Mena, alias El Diablo was sentenced to 60 years in prison for his participation in an armed attack at Robledo neighborhood in the city of Medellin. As a result of this action, five people died and one was injured. According to the investigation conducted by a regional prosecutor in Medellin on April [&hellip;]<\/p>\n","protected":false},"author":1,"featured_media":0,"comment_status":"closed","ping_status":"open","sticky":false,"template":"","format":"standard","meta":{"footnotes":""},"categories":[],"tags":[],"class_list":["post-33914","post","type-post","status-publish","format-standard"],"_links":{"self":[{"href":"https:\/\/www.fiscalia.gov.co\/colombia\/en\/wp-json\/wp\/v2\/posts\/33914"}],"collection":[{"href":"https:\/\/www.fiscalia.gov.co\/colombia\/en\/wp-json\/wp\/v2\/posts"}],"about":[{"href":"https:\/\/www.fiscalia.gov.co\/colombia\/en\/wp-json\/wp\/v2\/types\/post"}],"author":[{"embeddable":true,"href":"https:\/\/www.fiscalia.gov.co\/colombia\/en\/wp-json\/wp\/v2\/users\/1"}],"replies":[{"embeddable":true,"href":"https:\/\/www.fiscalia.gov.co\/colombia\/en\/wp-json\/wp\/v2\/comments?post=33914"}],"version-history":[{"count":1,"href":"https:\/\/www.fiscalia.gov.co\/colombia\/en\/wp-json\/wp\/v2\/posts\/33914\/revisions"}],"predecessor-version":[{"id":33915,"href":"https:\/\/www.fiscalia.gov.co\/colombia\/en\/wp-json\/wp\/v2\/posts\/33914\/revisions\/33915"}],"wp:attachment":[{"href":"https:\/\/www.fiscalia.gov.co\/colombia\/en\/wp-json\/wp\/v2\/media?parent=33914"}],"wp:term":[{"taxonomy":"category","embeddable":true,"href":"https:\/\/www.fiscalia.gov.co\/colombia\/en\/wp-json\/wp\/v2\/categories?post=33914"},{"taxonomy":"post_tag","embeddable":true,"href":"https:\/\/www.fiscalia.gov.co\/colombia\/en\/wp-json\/wp\/v2\/tags?post=33914"}],"curies":[{"name":"wp","href":"https:\/\/api.w.org\/{rel}","templated":true}]}}