{"id":33886,"date":"2014-07-18T16:25:48","date_gmt":"2014-07-18T21:25:48","guid":{"rendered":"https:\/\/www.fiscalia.gov.co\/colombia\/en\/?p=33886"},"modified":"2014-08-27T14:38:42","modified_gmt":"2014-08-27T19:38:42","slug":"a-preventive-detention-order-was-issued-against-a-person-who-murdered-a-gold-trader-2","status":"publish","type":"post","link":"https:\/\/www.fiscalia.gov.co\/colombia\/en\/2014\/07\/18\/a-preventive-detention-order-was-issued-against-a-person-who-murdered-a-gold-trader-2\/","title":{"rendered":"A preventive detention order was issued against a person who murdered a gold trader"},"content":{"rendered":"<p>A preventive detention order with imprisonment was issued against Hugo Alejandro Zuleta Arango, also known as Alejandro, by the 4<sup>th<\/sup> Municipal Criminal Court in Medellin, with supervisory functions (control de garant\u00edas) for the murder of H\u00e9ctor Dar\u00edo Mej\u00eda Henao.<\/p>\n<p>On July 3rd, 2010 in Castilla neighborhood in Medellin, the victim who was engaged in buying and selling gold received a call in which he arranged to meet someone near his house. The victim\u00b4s mother told the prosecutor that some minutes after the call she heard several shots, immediately she went out and she saw Zuleta Arango running towards his house with a gun in his hand.<\/p>\n","protected":false},"excerpt":{"rendered":"<p>A preventive detention order with imprisonment was issued against Hugo Alejandro Zuleta Arango, also known as Alejandro, by the 4th Municipal Criminal Court in Medellin, with supervisory functions (control de garant\u00edas) for the murder of H\u00e9ctor Dar\u00edo Mej\u00eda Henao. On July 3rd, 2010 in Castilla neighborhood in Medellin, the victim who was engaged in buying [&hellip;]<\/p>\n","protected":false},"author":1,"featured_media":0,"comment_status":"closed","ping_status":"open","sticky":false,"template":"","format":"standard","meta":{"footnotes":""},"categories":[],"tags":[],"class_list":["post-33886","post","type-post","status-publish","format-standard"],"_links":{"self":[{"href":"https:\/\/www.fiscalia.gov.co\/colombia\/en\/wp-json\/wp\/v2\/posts\/33886"}],"collection":[{"href":"https:\/\/www.fiscalia.gov.co\/colombia\/en\/wp-json\/wp\/v2\/posts"}],"about":[{"href":"https:\/\/www.fiscalia.gov.co\/colombia\/en\/wp-json\/wp\/v2\/types\/post"}],"author":[{"embeddable":true,"href":"https:\/\/www.fiscalia.gov.co\/colombia\/en\/wp-json\/wp\/v2\/users\/1"}],"replies":[{"embeddable":true,"href":"https:\/\/www.fiscalia.gov.co\/colombia\/en\/wp-json\/wp\/v2\/comments?post=33886"}],"version-history":[{"count":1,"href":"https:\/\/www.fiscalia.gov.co\/colombia\/en\/wp-json\/wp\/v2\/posts\/33886\/revisions"}],"predecessor-version":[{"id":33887,"href":"https:\/\/www.fiscalia.gov.co\/colombia\/en\/wp-json\/wp\/v2\/posts\/33886\/revisions\/33887"}],"wp:attachment":[{"href":"https:\/\/www.fiscalia.gov.co\/colombia\/en\/wp-json\/wp\/v2\/media?parent=33886"}],"wp:term":[{"taxonomy":"category","embeddable":true,"href":"https:\/\/www.fiscalia.gov.co\/colombia\/en\/wp-json\/wp\/v2\/categories?post=33886"},{"taxonomy":"post_tag","embeddable":true,"href":"https:\/\/www.fiscalia.gov.co\/colombia\/en\/wp-json\/wp\/v2\/tags?post=33886"}],"curies":[{"name":"wp","href":"https:\/\/api.w.org\/{rel}","templated":true}]}}