{"id":33854,"date":"2014-07-22T10:02:14","date_gmt":"2014-07-22T15:02:14","guid":{"rendered":"https:\/\/www.fiscalia.gov.co\/colombia\/en\/?p=33854"},"modified":"2014-08-27T13:47:37","modified_gmt":"2014-08-27T18:47:37","slug":"a-judge-turned-himself-in-to-the-authorities-according-to-a-preventive-detention-order-issued-against-him-for-breach-of-public-duties","status":"publish","type":"post","link":"https:\/\/www.fiscalia.gov.co\/colombia\/en\/2014\/07\/22\/a-judge-turned-himself-in-to-the-authorities-according-to-a-preventive-detention-order-issued-against-him-for-breach-of-public-duties\/","title":{"rendered":"A Judge turned himself in to the authorities according to a preventive detention order issued against him for breach of public duties"},"content":{"rendered":"<p>Carlos Jos\u00e9 Iguar\u00e1n Salas, a Circuit Labor Judge in Ci\u00e9naga (Magdalena) turned himself in to CTI Judicial Police in Santa Marta in order to comply with a detention order issued against him for breach of public duties and embezzlement in favor of \u00a0third parties.<\/p>\n<p>Against the above mentioned 64 years old judge there was a current arrest warrant issued by the 2<sup>nd<\/sup> Delegate Prosecutor\u00b4s Office before the Court for the events occurred in 2006 since the detained person allegedly granted a &#8220;writ for protection of fundamental rights&#8221; (Tutela in spanish) to more than 100 teachers from other departments different from the department of Magdalena. He granted them a pension so-called \u201cpension de gracia\u201d<sub>1<\/sub> causing a huge patrimonial detriment.<\/p>\n<p>&nbsp;<\/p>\n<p>1. Pension de Gracia: a pension, an economic benefit granted by the President of a nation.<\/p>\n","protected":false},"excerpt":{"rendered":"<p>Carlos Jos\u00e9 Iguar\u00e1n Salas, a Circuit Labor Judge in Ci\u00e9naga (Magdalena) turned himself in to CTI Judicial Police in Santa Marta in order to comply with a detention order issued against him for breach of public duties and embezzlement in favor of \u00a0third parties. Against the above mentioned 64 years old judge there was a [&hellip;]<\/p>\n","protected":false},"author":1,"featured_media":0,"comment_status":"closed","ping_status":"open","sticky":false,"template":"","format":"standard","meta":{"footnotes":""},"categories":[],"tags":[],"class_list":["post-33854","post","type-post","status-publish","format-standard"],"_links":{"self":[{"href":"https:\/\/www.fiscalia.gov.co\/colombia\/en\/wp-json\/wp\/v2\/posts\/33854"}],"collection":[{"href":"https:\/\/www.fiscalia.gov.co\/colombia\/en\/wp-json\/wp\/v2\/posts"}],"about":[{"href":"https:\/\/www.fiscalia.gov.co\/colombia\/en\/wp-json\/wp\/v2\/types\/post"}],"author":[{"embeddable":true,"href":"https:\/\/www.fiscalia.gov.co\/colombia\/en\/wp-json\/wp\/v2\/users\/1"}],"replies":[{"embeddable":true,"href":"https:\/\/www.fiscalia.gov.co\/colombia\/en\/wp-json\/wp\/v2\/comments?post=33854"}],"version-history":[{"count":1,"href":"https:\/\/www.fiscalia.gov.co\/colombia\/en\/wp-json\/wp\/v2\/posts\/33854\/revisions"}],"predecessor-version":[{"id":33855,"href":"https:\/\/www.fiscalia.gov.co\/colombia\/en\/wp-json\/wp\/v2\/posts\/33854\/revisions\/33855"}],"wp:attachment":[{"href":"https:\/\/www.fiscalia.gov.co\/colombia\/en\/wp-json\/wp\/v2\/media?parent=33854"}],"wp:term":[{"taxonomy":"category","embeddable":true,"href":"https:\/\/www.fiscalia.gov.co\/colombia\/en\/wp-json\/wp\/v2\/categories?post=33854"},{"taxonomy":"post_tag","embeddable":true,"href":"https:\/\/www.fiscalia.gov.co\/colombia\/en\/wp-json\/wp\/v2\/tags?post=33854"}],"curies":[{"name":"wp","href":"https:\/\/api.w.org\/{rel}","templated":true}]}}