{"id":33828,"date":"2014-07-29T10:39:34","date_gmt":"2014-07-29T15:39:34","guid":{"rendered":"https:\/\/www.fiscalia.gov.co\/colombia\/en\/?p=33828"},"modified":"2014-08-25T17:29:14","modified_gmt":"2014-08-25T22:29:14","slug":"trial-against-orlando-parada-former-president-of-bogota-city-council","status":"publish","type":"post","link":"https:\/\/www.fiscalia.gov.co\/colombia\/en\/2014\/07\/29\/trial-against-orlando-parada-former-president-of-bogota-city-council\/","title":{"rendered":"Trial against Orlando Parada, former President of Bogot\u00e1 City Council"},"content":{"rendered":"<p>Before the First Criminal Circuit Judge in Bogot\u00e1 hearing the case (Juez de Conocimiento), the Delegate Attorney General\u2019s Office before the Supreme Court of Justice brought to trial the former president of Bogot\u00e1 City Council (Concejo de Bogot\u00e1) Orlando Parada D\u00edaz, who according to the indictment, he profited from committing improper exercise of undue influence and bribery in the quality of public servant.<\/p>\n","protected":false},"excerpt":{"rendered":"<p>Before the First Criminal Circuit Judge in Bogot\u00e1 hearing the case (Juez de Conocimiento), the Delegate Attorney General\u2019s Office before the Supreme Court of Justice brought to trial the former president of Bogot\u00e1 City Council (Concejo de Bogot\u00e1) Orlando Parada D\u00edaz, who according to the indictment, he profited from committing improper exercise of undue influence [&hellip;]<\/p>\n","protected":false},"author":1,"featured_media":0,"comment_status":"closed","ping_status":"open","sticky":false,"template":"","format":"standard","meta":{"footnotes":""},"categories":[],"tags":[],"class_list":["post-33828","post","type-post","status-publish","format-standard"],"_links":{"self":[{"href":"https:\/\/www.fiscalia.gov.co\/colombia\/en\/wp-json\/wp\/v2\/posts\/33828"}],"collection":[{"href":"https:\/\/www.fiscalia.gov.co\/colombia\/en\/wp-json\/wp\/v2\/posts"}],"about":[{"href":"https:\/\/www.fiscalia.gov.co\/colombia\/en\/wp-json\/wp\/v2\/types\/post"}],"author":[{"embeddable":true,"href":"https:\/\/www.fiscalia.gov.co\/colombia\/en\/wp-json\/wp\/v2\/users\/1"}],"replies":[{"embeddable":true,"href":"https:\/\/www.fiscalia.gov.co\/colombia\/en\/wp-json\/wp\/v2\/comments?post=33828"}],"version-history":[{"count":1,"href":"https:\/\/www.fiscalia.gov.co\/colombia\/en\/wp-json\/wp\/v2\/posts\/33828\/revisions"}],"predecessor-version":[{"id":33829,"href":"https:\/\/www.fiscalia.gov.co\/colombia\/en\/wp-json\/wp\/v2\/posts\/33828\/revisions\/33829"}],"wp:attachment":[{"href":"https:\/\/www.fiscalia.gov.co\/colombia\/en\/wp-json\/wp\/v2\/media?parent=33828"}],"wp:term":[{"taxonomy":"category","embeddable":true,"href":"https:\/\/www.fiscalia.gov.co\/colombia\/en\/wp-json\/wp\/v2\/categories?post=33828"},{"taxonomy":"post_tag","embeddable":true,"href":"https:\/\/www.fiscalia.gov.co\/colombia\/en\/wp-json\/wp\/v2\/tags?post=33828"}],"curies":[{"name":"wp","href":"https:\/\/api.w.org\/{rel}","templated":true}]}}