{"id":33816,"date":"2014-07-30T15:24:08","date_gmt":"2014-07-30T20:24:08","guid":{"rendered":"https:\/\/www.fiscalia.gov.co\/colombia\/en\/?p=33816"},"modified":"2014-08-25T17:16:07","modified_gmt":"2014-08-25T22:16:07","slug":"more-than-18-years-in-prison-for-the-murder-of-a-native-belonging-to-jiw-ethnic-group","status":"publish","type":"post","link":"https:\/\/www.fiscalia.gov.co\/colombia\/en\/2014\/07\/30\/more-than-18-years-in-prison-for-the-murder-of-a-native-belonging-to-jiw-ethnic-group\/","title":{"rendered":"More than 18 years in prison for the murder of a native belonging to Jiw ethnic group"},"content":{"rendered":"<p>The 36<sup>th<\/sup> Regional Prosecutor in San Jos\u00e9 de Guaviare requested<strong> <\/strong>the<strong> <\/strong>judge hearing the case (Juez de Conocimiento) to convict Luis Enrique G\u00f3mez Gait\u00e1n for the murder of Alfonso Gonz\u00e1lez Rodr\u00edguez, a native belonging to Jiw ethnic group at the so called <em>La Fuga<\/em> reserve in Guaviare, along with manufacturing, trafficking and firearms possession.<\/p>\n","protected":false},"excerpt":{"rendered":"<p>The 36th Regional Prosecutor in San Jos\u00e9 de Guaviare requested the judge hearing the case (Juez de Conocimiento) to convict Luis Enrique G\u00f3mez Gait\u00e1n for the murder of Alfonso Gonz\u00e1lez Rodr\u00edguez, a native belonging to Jiw ethnic group at the so called La Fuga reserve in Guaviare, along with manufacturing, trafficking and firearms possession.<\/p>\n","protected":false},"author":1,"featured_media":0,"comment_status":"closed","ping_status":"open","sticky":false,"template":"","format":"standard","meta":{"footnotes":""},"categories":[],"tags":[],"class_list":["post-33816","post","type-post","status-publish","format-standard"],"_links":{"self":[{"href":"https:\/\/www.fiscalia.gov.co\/colombia\/en\/wp-json\/wp\/v2\/posts\/33816"}],"collection":[{"href":"https:\/\/www.fiscalia.gov.co\/colombia\/en\/wp-json\/wp\/v2\/posts"}],"about":[{"href":"https:\/\/www.fiscalia.gov.co\/colombia\/en\/wp-json\/wp\/v2\/types\/post"}],"author":[{"embeddable":true,"href":"https:\/\/www.fiscalia.gov.co\/colombia\/en\/wp-json\/wp\/v2\/users\/1"}],"replies":[{"embeddable":true,"href":"https:\/\/www.fiscalia.gov.co\/colombia\/en\/wp-json\/wp\/v2\/comments?post=33816"}],"version-history":[{"count":1,"href":"https:\/\/www.fiscalia.gov.co\/colombia\/en\/wp-json\/wp\/v2\/posts\/33816\/revisions"}],"predecessor-version":[{"id":33817,"href":"https:\/\/www.fiscalia.gov.co\/colombia\/en\/wp-json\/wp\/v2\/posts\/33816\/revisions\/33817"}],"wp:attachment":[{"href":"https:\/\/www.fiscalia.gov.co\/colombia\/en\/wp-json\/wp\/v2\/media?parent=33816"}],"wp:term":[{"taxonomy":"category","embeddable":true,"href":"https:\/\/www.fiscalia.gov.co\/colombia\/en\/wp-json\/wp\/v2\/categories?post=33816"},{"taxonomy":"post_tag","embeddable":true,"href":"https:\/\/www.fiscalia.gov.co\/colombia\/en\/wp-json\/wp\/v2\/tags?post=33816"}],"curies":[{"name":"wp","href":"https:\/\/api.w.org\/{rel}","templated":true}]}}