{"id":33814,"date":"2014-07-31T12:49:22","date_gmt":"2014-07-31T17:49:22","guid":{"rendered":"https:\/\/www.fiscalia.gov.co\/colombia\/en\/?p=33814"},"modified":"2014-08-25T17:14:54","modified_gmt":"2014-08-25T22:14:54","slug":"once-again-retired-colonel-jorge-eliecer-plazas-acevedo-was-arrested-and-charged-with-murder-of-journalist-jaime-garzon","status":"publish","type":"post","link":"https:\/\/www.fiscalia.gov.co\/colombia\/en\/2014\/07\/31\/once-again-retired-colonel-jorge-eliecer-plazas-acevedo-was-arrested-and-charged-with-murder-of-journalist-jaime-garzon\/","title":{"rendered":"Once again Retired Colonel Jorge Eli\u00e9cer Plazas Acevedo was arrested and charged with murder of journalist Jaime Garz\u00f3n"},"content":{"rendered":"<p>In a joint operation conducted in San Mart\u00edn (Meta), Judicial Police members on Organized Crime from the Attorney General\u00b4s Office arrested retired Colonel Jorge Eli\u00e9cer Plazas Acevedo who was convicted to 40 years in prison for the murder of Israeli industrialist, Benjam\u00edn Khoudari.<\/p>\n<p>Eleven years ago, the former Officer escaped from a School of Artillery, place where he was serving his sentence.<\/p>\n","protected":false},"excerpt":{"rendered":"<p>In a joint operation conducted in San Mart\u00edn (Meta), Judicial Police members on Organized Crime from the Attorney General\u00b4s Office arrested retired Colonel Jorge Eli\u00e9cer Plazas Acevedo who was convicted to 40 years in prison for the murder of Israeli industrialist, Benjam\u00edn Khoudari. Eleven years ago, the former Officer escaped from a School of Artillery, [&hellip;]<\/p>\n","protected":false},"author":1,"featured_media":0,"comment_status":"closed","ping_status":"open","sticky":false,"template":"","format":"standard","meta":{"footnotes":""},"categories":[],"tags":[],"class_list":["post-33814","post","type-post","status-publish","format-standard"],"_links":{"self":[{"href":"https:\/\/www.fiscalia.gov.co\/colombia\/en\/wp-json\/wp\/v2\/posts\/33814"}],"collection":[{"href":"https:\/\/www.fiscalia.gov.co\/colombia\/en\/wp-json\/wp\/v2\/posts"}],"about":[{"href":"https:\/\/www.fiscalia.gov.co\/colombia\/en\/wp-json\/wp\/v2\/types\/post"}],"author":[{"embeddable":true,"href":"https:\/\/www.fiscalia.gov.co\/colombia\/en\/wp-json\/wp\/v2\/users\/1"}],"replies":[{"embeddable":true,"href":"https:\/\/www.fiscalia.gov.co\/colombia\/en\/wp-json\/wp\/v2\/comments?post=33814"}],"version-history":[{"count":1,"href":"https:\/\/www.fiscalia.gov.co\/colombia\/en\/wp-json\/wp\/v2\/posts\/33814\/revisions"}],"predecessor-version":[{"id":33815,"href":"https:\/\/www.fiscalia.gov.co\/colombia\/en\/wp-json\/wp\/v2\/posts\/33814\/revisions\/33815"}],"wp:attachment":[{"href":"https:\/\/www.fiscalia.gov.co\/colombia\/en\/wp-json\/wp\/v2\/media?parent=33814"}],"wp:term":[{"taxonomy":"category","embeddable":true,"href":"https:\/\/www.fiscalia.gov.co\/colombia\/en\/wp-json\/wp\/v2\/categories?post=33814"},{"taxonomy":"post_tag","embeddable":true,"href":"https:\/\/www.fiscalia.gov.co\/colombia\/en\/wp-json\/wp\/v2\/tags?post=33814"}],"curies":[{"name":"wp","href":"https:\/\/api.w.org\/{rel}","templated":true}]}}