{"id":33775,"date":"2014-07-23T10:54:20","date_gmt":"2014-07-23T15:54:20","guid":{"rendered":"https:\/\/www.fiscalia.gov.co\/colombia\/en\/?p=33775"},"modified":"2014-08-20T10:15:39","modified_gmt":"2014-08-20T15:15:39","slug":"a-preventive-detention-order-was-issued-against-people-charged-with-a-crime-of-aggravated-drug-trafficking-and-aggravated-conspiracy","status":"publish","type":"post","link":"https:\/\/www.fiscalia.gov.co\/colombia\/en\/2014\/07\/23\/a-preventive-detention-order-was-issued-against-people-charged-with-a-crime-of-aggravated-drug-trafficking-and-aggravated-conspiracy\/","title":{"rendered":"A preventive detention order was issued  against people charged with a crime of aggravated drug trafficking and aggravated conspiracy"},"content":{"rendered":"<p>A preventive detention order was issued against V\u00edctor Eduardo Hern\u00e1ndez Ram\u00edrez, Jhonnys Maturana Rojano and Yorlys Torres Mart\u00ednez for aggravated drug trafficking and aggravated conspiracy.<\/p>\n<p>A supervisory judge (Juez de Control de Garant\u00edas) in Bolivar approved the arguments of the 33<sup>rd<\/sup> Attorney General\u00b4s Office belonging to the Specialized National Directorate on Anti-narcotics and Money Laundering located in Bolivar. He based his decision on the existence of videos proving that the prosecuted individuals\u00a0 are involved in the transport and delivery of cocaine from Cartagena\u00b4s port to Spain.<\/p>\n","protected":false},"excerpt":{"rendered":"<p>A preventive detention order was issued against V\u00edctor Eduardo Hern\u00e1ndez Ram\u00edrez, Jhonnys Maturana Rojano and Yorlys Torres Mart\u00ednez for aggravated drug trafficking and aggravated conspiracy. A supervisory judge (Juez de Control de Garant\u00edas) in Bolivar approved the arguments of the 33rd Attorney General\u00b4s Office belonging to the Specialized National Directorate on Anti-narcotics and Money Laundering [&hellip;]<\/p>\n","protected":false},"author":24,"featured_media":0,"comment_status":"closed","ping_status":"open","sticky":false,"template":"","format":"standard","meta":{"footnotes":""},"categories":[],"tags":[],"class_list":["post-33775","post","type-post","status-publish","format-standard"],"_links":{"self":[{"href":"https:\/\/www.fiscalia.gov.co\/colombia\/en\/wp-json\/wp\/v2\/posts\/33775"}],"collection":[{"href":"https:\/\/www.fiscalia.gov.co\/colombia\/en\/wp-json\/wp\/v2\/posts"}],"about":[{"href":"https:\/\/www.fiscalia.gov.co\/colombia\/en\/wp-json\/wp\/v2\/types\/post"}],"author":[{"embeddable":true,"href":"https:\/\/www.fiscalia.gov.co\/colombia\/en\/wp-json\/wp\/v2\/users\/24"}],"replies":[{"embeddable":true,"href":"https:\/\/www.fiscalia.gov.co\/colombia\/en\/wp-json\/wp\/v2\/comments?post=33775"}],"version-history":[{"count":3,"href":"https:\/\/www.fiscalia.gov.co\/colombia\/en\/wp-json\/wp\/v2\/posts\/33775\/revisions"}],"predecessor-version":[{"id":33787,"href":"https:\/\/www.fiscalia.gov.co\/colombia\/en\/wp-json\/wp\/v2\/posts\/33775\/revisions\/33787"}],"wp:attachment":[{"href":"https:\/\/www.fiscalia.gov.co\/colombia\/en\/wp-json\/wp\/v2\/media?parent=33775"}],"wp:term":[{"taxonomy":"category","embeddable":true,"href":"https:\/\/www.fiscalia.gov.co\/colombia\/en\/wp-json\/wp\/v2\/categories?post=33775"},{"taxonomy":"post_tag","embeddable":true,"href":"https:\/\/www.fiscalia.gov.co\/colombia\/en\/wp-json\/wp\/v2\/tags?post=33775"}],"curies":[{"name":"wp","href":"https:\/\/api.w.org\/{rel}","templated":true}]}}