{"id":33755,"date":"2014-07-15T08:59:47","date_gmt":"2014-07-15T13:59:47","guid":{"rendered":"https:\/\/www.fiscalia.gov.co\/colombia\/en\/?p=33755"},"modified":"2014-08-08T15:13:39","modified_gmt":"2014-08-08T20:13:39","slug":"reparation-hearing-to-victims-of-vencedores-de-arauca-bloc-is-going-to-be-held","status":"publish","type":"post","link":"https:\/\/www.fiscalia.gov.co\/colombia\/en\/2014\/07\/15\/reparation-hearing-to-victims-of-vencedores-de-arauca-bloc-is-going-to-be-held\/","title":{"rendered":"Reparation hearing to victims of  Vencedores de Arauca Bloc is  going to be held"},"content":{"rendered":"<p>From july 14 to 16, a reparation hearing (Incidente de Reparaci\u00f3n Integral a las V\u00edctimas) will be held in Arauca regarding victims of criminal actions of Orlando Villa Zapa alias Rub\u00e9n or La Mona and seven (7) former members of Vencedores de Arauca Bloc.<\/p>\n<p>&nbsp;<\/p>\n","protected":false},"excerpt":{"rendered":"<p>From july 14 to 16, a reparation hearing (Incidente de Reparaci\u00f3n Integral a las V\u00edctimas) will be held in Arauca regarding victims of criminal actions of Orlando Villa Zapa alias Rub\u00e9n or La Mona and seven (7) former members of Vencedores de Arauca Bloc. &nbsp;<\/p>\n","protected":false},"author":1,"featured_media":0,"comment_status":"closed","ping_status":"open","sticky":false,"template":"","format":"standard","meta":{"footnotes":""},"categories":[],"tags":[],"class_list":["post-33755","post","type-post","status-publish","format-standard"],"_links":{"self":[{"href":"https:\/\/www.fiscalia.gov.co\/colombia\/en\/wp-json\/wp\/v2\/posts\/33755"}],"collection":[{"href":"https:\/\/www.fiscalia.gov.co\/colombia\/en\/wp-json\/wp\/v2\/posts"}],"about":[{"href":"https:\/\/www.fiscalia.gov.co\/colombia\/en\/wp-json\/wp\/v2\/types\/post"}],"author":[{"embeddable":true,"href":"https:\/\/www.fiscalia.gov.co\/colombia\/en\/wp-json\/wp\/v2\/users\/1"}],"replies":[{"embeddable":true,"href":"https:\/\/www.fiscalia.gov.co\/colombia\/en\/wp-json\/wp\/v2\/comments?post=33755"}],"version-history":[{"count":1,"href":"https:\/\/www.fiscalia.gov.co\/colombia\/en\/wp-json\/wp\/v2\/posts\/33755\/revisions"}],"predecessor-version":[{"id":33756,"href":"https:\/\/www.fiscalia.gov.co\/colombia\/en\/wp-json\/wp\/v2\/posts\/33755\/revisions\/33756"}],"wp:attachment":[{"href":"https:\/\/www.fiscalia.gov.co\/colombia\/en\/wp-json\/wp\/v2\/media?parent=33755"}],"wp:term":[{"taxonomy":"category","embeddable":true,"href":"https:\/\/www.fiscalia.gov.co\/colombia\/en\/wp-json\/wp\/v2\/categories?post=33755"},{"taxonomy":"post_tag","embeddable":true,"href":"https:\/\/www.fiscalia.gov.co\/colombia\/en\/wp-json\/wp\/v2\/tags?post=33755"}],"curies":[{"name":"wp","href":"https:\/\/api.w.org\/{rel}","templated":true}]}}