{"id":33747,"date":"2014-07-15T14:57:24","date_gmt":"2014-07-15T19:57:24","guid":{"rendered":"https:\/\/www.fiscalia.gov.co\/colombia\/en\/?p=33747"},"modified":"2014-08-08T15:01:40","modified_gmt":"2014-08-08T20:01:40","slug":"the-criminal-investigation-team-arrests-a-person-who-was-convicted-of-drug-trafficking","status":"publish","type":"post","link":"https:\/\/www.fiscalia.gov.co\/colombia\/en\/2014\/07\/15\/the-criminal-investigation-team-arrests-a-person-who-was-convicted-of-drug-trafficking\/","title":{"rendered":"The Criminal Investigation Team arrests a person who was convicted of drug trafficking"},"content":{"rendered":"<p>The Criminal Investigation Team from Risaralda region arrested Jos\u00e9 Luis Y\u00e9pez P\u00e9rez in <em>La Arenera<\/em> neighborhood from Cartago (Valle) for the offense of drug trafficking, manufacture or possession of drugs according to a detention order issued by the third Sentencing Court in on order to serve a sentence of 56 months in prison.<\/p>\n<p>Y\u00e9pez P\u00e9rez was arrested based on the facts occurred on July 2013 in the way Cerritos \u2013 La Virginia (Risaralda) when he was found by National Police officers \u00a0in possession of six plastic bags containing narcotic plants.<\/p>\n<p>&nbsp;<\/p>\n","protected":false},"excerpt":{"rendered":"<p>The Criminal Investigation Team from Risaralda region arrested Jos\u00e9 Luis Y\u00e9pez P\u00e9rez in La Arenera neighborhood from Cartago (Valle) for the offense of drug trafficking, manufacture or possession of drugs according to a detention order issued by the third Sentencing Court in on order to serve a sentence of 56 months in prison. Y\u00e9pez P\u00e9rez [&hellip;]<\/p>\n","protected":false},"author":1,"featured_media":0,"comment_status":"closed","ping_status":"open","sticky":false,"template":"","format":"standard","meta":{"footnotes":""},"categories":[],"tags":[],"class_list":["post-33747","post","type-post","status-publish","format-standard"],"_links":{"self":[{"href":"https:\/\/www.fiscalia.gov.co\/colombia\/en\/wp-json\/wp\/v2\/posts\/33747"}],"collection":[{"href":"https:\/\/www.fiscalia.gov.co\/colombia\/en\/wp-json\/wp\/v2\/posts"}],"about":[{"href":"https:\/\/www.fiscalia.gov.co\/colombia\/en\/wp-json\/wp\/v2\/types\/post"}],"author":[{"embeddable":true,"href":"https:\/\/www.fiscalia.gov.co\/colombia\/en\/wp-json\/wp\/v2\/users\/1"}],"replies":[{"embeddable":true,"href":"https:\/\/www.fiscalia.gov.co\/colombia\/en\/wp-json\/wp\/v2\/comments?post=33747"}],"version-history":[{"count":2,"href":"https:\/\/www.fiscalia.gov.co\/colombia\/en\/wp-json\/wp\/v2\/posts\/33747\/revisions"}],"predecessor-version":[{"id":33749,"href":"https:\/\/www.fiscalia.gov.co\/colombia\/en\/wp-json\/wp\/v2\/posts\/33747\/revisions\/33749"}],"wp:attachment":[{"href":"https:\/\/www.fiscalia.gov.co\/colombia\/en\/wp-json\/wp\/v2\/media?parent=33747"}],"wp:term":[{"taxonomy":"category","embeddable":true,"href":"https:\/\/www.fiscalia.gov.co\/colombia\/en\/wp-json\/wp\/v2\/categories?post=33747"},{"taxonomy":"post_tag","embeddable":true,"href":"https:\/\/www.fiscalia.gov.co\/colombia\/en\/wp-json\/wp\/v2\/tags?post=33747"}],"curies":[{"name":"wp","href":"https:\/\/api.w.org\/{rel}","templated":true}]}}