{"id":33732,"date":"2014-07-14T16:12:54","date_gmt":"2014-07-14T21:12:54","guid":{"rendered":"https:\/\/www.fiscalia.gov.co\/colombia\/en\/?p=33732"},"modified":"2014-08-04T13:40:36","modified_gmt":"2014-08-04T18:40:36","slug":"precautionary-measures-against-properties-of-alias-martin-sombra-will-be-adopted","status":"publish","type":"post","link":"https:\/\/www.fiscalia.gov.co\/colombia\/en\/2014\/07\/14\/precautionary-measures-against-properties-of-alias-martin-sombra-will-be-adopted\/","title":{"rendered":"Precautionary measures against properties of alias \u201cMartin Sombra\u201d will be adopted"},"content":{"rendered":"<p>Precautionary measures against properties of alias \u201cMartin Sombra\u201d will be adopted in a hearing that will be held today until next July 16<sup>th<\/sup> at the Justice and Peace chambers in Bogot\u00e1 regarding five (5) properties belonging to Eli Mejia Mendoza, alias Mart\u00edn Sombra, who was the security head of the armed column of guerrillas belonging to Manuel Marulanda V\u00e9lez and Commander of the 43 FARC\u00b4s Front.<\/p>\n<p>Alias \u200b\u200b\u201cMartin Sombra\u201d is responsible for at least 852 murders, forced disappearances and displacements, kidnapping, illegal recruitment, hostage taking and important cases.<\/p>\n","protected":false},"excerpt":{"rendered":"<p>Precautionary measures against properties of alias \u201cMartin Sombra\u201d will be adopted in a hearing that will be held today until next July 16th at the Justice and Peace chambers in Bogot\u00e1 regarding five (5) properties belonging to Eli Mejia Mendoza, alias Mart\u00edn Sombra, who was the security head of the armed column of guerrillas belonging [&hellip;]<\/p>\n","protected":false},"author":1,"featured_media":0,"comment_status":"closed","ping_status":"open","sticky":false,"template":"","format":"standard","meta":{"footnotes":""},"categories":[],"tags":[],"class_list":["post-33732","post","type-post","status-publish","format-standard"],"_links":{"self":[{"href":"https:\/\/www.fiscalia.gov.co\/colombia\/en\/wp-json\/wp\/v2\/posts\/33732"}],"collection":[{"href":"https:\/\/www.fiscalia.gov.co\/colombia\/en\/wp-json\/wp\/v2\/posts"}],"about":[{"href":"https:\/\/www.fiscalia.gov.co\/colombia\/en\/wp-json\/wp\/v2\/types\/post"}],"author":[{"embeddable":true,"href":"https:\/\/www.fiscalia.gov.co\/colombia\/en\/wp-json\/wp\/v2\/users\/1"}],"replies":[{"embeddable":true,"href":"https:\/\/www.fiscalia.gov.co\/colombia\/en\/wp-json\/wp\/v2\/comments?post=33732"}],"version-history":[{"count":1,"href":"https:\/\/www.fiscalia.gov.co\/colombia\/en\/wp-json\/wp\/v2\/posts\/33732\/revisions"}],"predecessor-version":[{"id":33733,"href":"https:\/\/www.fiscalia.gov.co\/colombia\/en\/wp-json\/wp\/v2\/posts\/33732\/revisions\/33733"}],"wp:attachment":[{"href":"https:\/\/www.fiscalia.gov.co\/colombia\/en\/wp-json\/wp\/v2\/media?parent=33732"}],"wp:term":[{"taxonomy":"category","embeddable":true,"href":"https:\/\/www.fiscalia.gov.co\/colombia\/en\/wp-json\/wp\/v2\/categories?post=33732"},{"taxonomy":"post_tag","embeddable":true,"href":"https:\/\/www.fiscalia.gov.co\/colombia\/en\/wp-json\/wp\/v2\/tags?post=33732"}],"curies":[{"name":"wp","href":"https:\/\/api.w.org\/{rel}","templated":true}]}}