{"id":33700,"date":"2014-07-09T18:36:43","date_gmt":"2014-07-09T23:36:43","guid":{"rendered":"https:\/\/www.fiscalia.gov.co\/colombia\/en\/?p=33700"},"modified":"2014-07-25T14:50:54","modified_gmt":"2014-07-25T19:50:54","slug":"two-people-go-to-jail-due-to-a-landslide-which-caused-the-death-of-12-miners","status":"publish","type":"post","link":"https:\/\/www.fiscalia.gov.co\/colombia\/en\/2014\/07\/09\/two-people-go-to-jail-due-to-a-landslide-which-caused-the-death-of-12-miners\/","title":{"rendered":"Two people go to jail due to a landslide which caused the death of 12 miners"},"content":{"rendered":"<p>The Third Criminal Court in Popayan with supervisory functions sent to prison the forest engineer Miguel \u00c1ngel \u00c1lvarez Ch\u00e1vez who worked on the Regional Corporation of Cauca (CRC in spanish) and Parm\u00e9nides Montero, manager of the mine located at San Antonio and El Palmar de Santander de Quilichao (Cauca) rural areas as \u00a0on 30 April there was an avalanche that killed twelve people.<\/p>\n","protected":false},"excerpt":{"rendered":"<p>The Third Criminal Court in Popayan with supervisory functions sent to prison the forest engineer Miguel \u00c1ngel \u00c1lvarez Ch\u00e1vez who worked on the Regional Corporation of Cauca (CRC in spanish) and Parm\u00e9nides Montero, manager of the mine located at San Antonio and El Palmar de Santander de Quilichao (Cauca) rural areas as \u00a0on 30 April [&hellip;]<\/p>\n","protected":false},"author":1,"featured_media":0,"comment_status":"closed","ping_status":"open","sticky":false,"template":"","format":"standard","meta":{"footnotes":""},"categories":[],"tags":[],"class_list":["post-33700","post","type-post","status-publish","format-standard"],"_links":{"self":[{"href":"https:\/\/www.fiscalia.gov.co\/colombia\/en\/wp-json\/wp\/v2\/posts\/33700"}],"collection":[{"href":"https:\/\/www.fiscalia.gov.co\/colombia\/en\/wp-json\/wp\/v2\/posts"}],"about":[{"href":"https:\/\/www.fiscalia.gov.co\/colombia\/en\/wp-json\/wp\/v2\/types\/post"}],"author":[{"embeddable":true,"href":"https:\/\/www.fiscalia.gov.co\/colombia\/en\/wp-json\/wp\/v2\/users\/1"}],"replies":[{"embeddable":true,"href":"https:\/\/www.fiscalia.gov.co\/colombia\/en\/wp-json\/wp\/v2\/comments?post=33700"}],"version-history":[{"count":2,"href":"https:\/\/www.fiscalia.gov.co\/colombia\/en\/wp-json\/wp\/v2\/posts\/33700\/revisions"}],"predecessor-version":[{"id":33702,"href":"https:\/\/www.fiscalia.gov.co\/colombia\/en\/wp-json\/wp\/v2\/posts\/33700\/revisions\/33702"}],"wp:attachment":[{"href":"https:\/\/www.fiscalia.gov.co\/colombia\/en\/wp-json\/wp\/v2\/media?parent=33700"}],"wp:term":[{"taxonomy":"category","embeddable":true,"href":"https:\/\/www.fiscalia.gov.co\/colombia\/en\/wp-json\/wp\/v2\/categories?post=33700"},{"taxonomy":"post_tag","embeddable":true,"href":"https:\/\/www.fiscalia.gov.co\/colombia\/en\/wp-json\/wp\/v2\/tags?post=33700"}],"curies":[{"name":"wp","href":"https:\/\/api.w.org\/{rel}","templated":true}]}}