{"id":33696,"date":"2014-07-09T10:40:55","date_gmt":"2014-07-09T15:40:55","guid":{"rendered":"https:\/\/www.fiscalia.gov.co\/colombia\/en\/?p=33696"},"modified":"2014-07-25T14:48:05","modified_gmt":"2014-07-25T19:48:05","slug":"a-preventive-detention-order-was-issued-in-a-case-of-sexual-abuse-of-a-minor","status":"publish","type":"post","link":"https:\/\/www.fiscalia.gov.co\/colombia\/en\/2014\/07\/09\/a-preventive-detention-order-was-issued-in-a-case-of-sexual-abuse-of-a-minor\/","title":{"rendered":"A preventive detention order was issued in a case of  sexual abuse of a minor"},"content":{"rendered":"<p>A preventive detention order with imprisonment was issued by the 14<sup>th<\/sup> Criminal Court in Medellin with supervisory functions, against Santiago Restrepo Pino alias Pino; Juan Sebasti\u00e1n Tapasco Mu\u00f1oz, Andr\u00e9s G\u00f3mez Cardona, and Alvaro Arley Toro Lopera, alias\u00a0Barba\u00edto for being the alleged responsible of the sexual abuse of a minor.<\/p>\n<p>The incident occurred on December 1, 2013 when the 14 year old victim enjoyed a party at Robledo Aures neighborhood in Medellin and the aggressors allegedly took advantage of her condition of unconsciousness to abuse her several times.<\/p>\n","protected":false},"excerpt":{"rendered":"<p>A preventive detention order with imprisonment was issued by the 14th Criminal Court in Medellin with supervisory functions, against Santiago Restrepo Pino alias Pino; Juan Sebasti\u00e1n Tapasco Mu\u00f1oz, Andr\u00e9s G\u00f3mez Cardona, and Alvaro Arley Toro Lopera, alias\u00a0Barba\u00edto for being the alleged responsible of the sexual abuse of a minor. The incident occurred on December 1, [&hellip;]<\/p>\n","protected":false},"author":1,"featured_media":0,"comment_status":"closed","ping_status":"open","sticky":false,"template":"","format":"standard","meta":{"footnotes":""},"categories":[],"tags":[],"class_list":["post-33696","post","type-post","status-publish","format-standard"],"_links":{"self":[{"href":"https:\/\/www.fiscalia.gov.co\/colombia\/en\/wp-json\/wp\/v2\/posts\/33696"}],"collection":[{"href":"https:\/\/www.fiscalia.gov.co\/colombia\/en\/wp-json\/wp\/v2\/posts"}],"about":[{"href":"https:\/\/www.fiscalia.gov.co\/colombia\/en\/wp-json\/wp\/v2\/types\/post"}],"author":[{"embeddable":true,"href":"https:\/\/www.fiscalia.gov.co\/colombia\/en\/wp-json\/wp\/v2\/users\/1"}],"replies":[{"embeddable":true,"href":"https:\/\/www.fiscalia.gov.co\/colombia\/en\/wp-json\/wp\/v2\/comments?post=33696"}],"version-history":[{"count":1,"href":"https:\/\/www.fiscalia.gov.co\/colombia\/en\/wp-json\/wp\/v2\/posts\/33696\/revisions"}],"predecessor-version":[{"id":33697,"href":"https:\/\/www.fiscalia.gov.co\/colombia\/en\/wp-json\/wp\/v2\/posts\/33696\/revisions\/33697"}],"wp:attachment":[{"href":"https:\/\/www.fiscalia.gov.co\/colombia\/en\/wp-json\/wp\/v2\/media?parent=33696"}],"wp:term":[{"taxonomy":"category","embeddable":true,"href":"https:\/\/www.fiscalia.gov.co\/colombia\/en\/wp-json\/wp\/v2\/categories?post=33696"},{"taxonomy":"post_tag","embeddable":true,"href":"https:\/\/www.fiscalia.gov.co\/colombia\/en\/wp-json\/wp\/v2\/tags?post=33696"}],"curies":[{"name":"wp","href":"https:\/\/api.w.org\/{rel}","templated":true}]}}