{"id":33681,"date":"2014-07-09T08:33:40","date_gmt":"2014-07-09T13:33:40","guid":{"rendered":"https:\/\/www.fiscalia.gov.co\/colombia\/en\/?p=33681"},"modified":"2014-07-22T16:49:49","modified_gmt":"2014-07-22T21:49:49","slug":"the-attorney-general-office-charged-a-patrol-officer-and-relatives-of-victims-with-kidnapping-disappearance-and-theft-offenses","status":"publish","type":"post","link":"https:\/\/www.fiscalia.gov.co\/colombia\/en\/2014\/07\/09\/the-attorney-general-office-charged-a-patrol-officer-and-relatives-of-victims-with-kidnapping-disappearance-and-theft-offenses\/","title":{"rendered":"The Attorney General Office charged a patrol officer and relatives of victims with kidnapping, disappearance and theft offenses"},"content":{"rendered":"<p>A Specialized Prosecutor (on Anti-kidnapping issues) from Gaula Unit in Villavicencio brought charges against seven people before a supervisory judge concerning the kidnapping of the cattle breeder Mar\u00eda Elo\u00edsa Marentes Mesa and her partner Wilson Jersay Rodr\u00edguez Vel\u00e1squez who disappeared on February 2014.<\/p>\n","protected":false},"excerpt":{"rendered":"<p>A Specialized Prosecutor (on Anti-kidnapping issues) from Gaula Unit in Villavicencio brought charges against seven people before a supervisory judge concerning the kidnapping of the cattle breeder Mar\u00eda Elo\u00edsa Marentes Mesa and her partner Wilson Jersay Rodr\u00edguez Vel\u00e1squez who disappeared on February 2014.<\/p>\n","protected":false},"author":1,"featured_media":0,"comment_status":"closed","ping_status":"open","sticky":false,"template":"","format":"standard","meta":{"footnotes":""},"categories":[],"tags":[],"class_list":["post-33681","post","type-post","status-publish","format-standard"],"_links":{"self":[{"href":"https:\/\/www.fiscalia.gov.co\/colombia\/en\/wp-json\/wp\/v2\/posts\/33681"}],"collection":[{"href":"https:\/\/www.fiscalia.gov.co\/colombia\/en\/wp-json\/wp\/v2\/posts"}],"about":[{"href":"https:\/\/www.fiscalia.gov.co\/colombia\/en\/wp-json\/wp\/v2\/types\/post"}],"author":[{"embeddable":true,"href":"https:\/\/www.fiscalia.gov.co\/colombia\/en\/wp-json\/wp\/v2\/users\/1"}],"replies":[{"embeddable":true,"href":"https:\/\/www.fiscalia.gov.co\/colombia\/en\/wp-json\/wp\/v2\/comments?post=33681"}],"version-history":[{"count":1,"href":"https:\/\/www.fiscalia.gov.co\/colombia\/en\/wp-json\/wp\/v2\/posts\/33681\/revisions"}],"predecessor-version":[{"id":33682,"href":"https:\/\/www.fiscalia.gov.co\/colombia\/en\/wp-json\/wp\/v2\/posts\/33681\/revisions\/33682"}],"wp:attachment":[{"href":"https:\/\/www.fiscalia.gov.co\/colombia\/en\/wp-json\/wp\/v2\/media?parent=33681"}],"wp:term":[{"taxonomy":"category","embeddable":true,"href":"https:\/\/www.fiscalia.gov.co\/colombia\/en\/wp-json\/wp\/v2\/categories?post=33681"},{"taxonomy":"post_tag","embeddable":true,"href":"https:\/\/www.fiscalia.gov.co\/colombia\/en\/wp-json\/wp\/v2\/tags?post=33681"}],"curies":[{"name":"wp","href":"https:\/\/api.w.org\/{rel}","templated":true}]}}