{"id":33677,"date":"2014-07-08T14:33:53","date_gmt":"2014-07-08T19:33:53","guid":{"rendered":"https:\/\/www.fiscalia.gov.co\/colombia\/en\/?p=33677"},"modified":"2014-07-22T16:46:44","modified_gmt":"2014-07-22T21:46:44","slug":"a-preventive-detention-order-was-issued-against-three-people-for-the-murder-of-a-public-servant-from-the-comptroller%c2%b4s-office-in-choco","status":"publish","type":"post","link":"https:\/\/www.fiscalia.gov.co\/colombia\/en\/2014\/07\/08\/a-preventive-detention-order-was-issued-against-three-people-for-the-murder-of-a-public-servant-from-the-comptroller%c2%b4s-office-in-choco\/","title":{"rendered":"A preventive detention order was issued against three people for the murder of a public servant from the Comptroller\u00b4s Office in Choc\u00f3"},"content":{"rendered":"<p>The First Municipal Court of mixed Jurisdiction in Rio Quito (Choc\u00f3) issued a preventive detention order with imprisonment against Fredy Murillo Rivas, Luis Fernando Caicedo Cuesta and Zoilo Ramirez Mosquera as they allegedly participated in the murder of a public servant from the Comptroller\u00b4s Office in Choc\u00f3.<\/p>\n<p>The facts occurred on June 16th at Monserrate neighboorhood in Choc\u00f3. The authorities found the corpse of Consuelo de Jes\u00fas Echeverri S\u00e1nchez, a public servant who belonged to a supervision unit from the above mentioned organism called <em>Grupo de Vigilancia Fiscal<\/em>.<\/p>\n","protected":false},"excerpt":{"rendered":"<p>The First Municipal Court of mixed Jurisdiction in Rio Quito (Choc\u00f3) issued a preventive detention order with imprisonment against Fredy Murillo Rivas, Luis Fernando Caicedo Cuesta and Zoilo Ramirez Mosquera as they allegedly participated in the murder of a public servant from the Comptroller\u00b4s Office in Choc\u00f3. The facts occurred on June 16th at Monserrate [&hellip;]<\/p>\n","protected":false},"author":1,"featured_media":0,"comment_status":"closed","ping_status":"open","sticky":false,"template":"","format":"standard","meta":{"footnotes":""},"categories":[],"tags":[],"class_list":["post-33677","post","type-post","status-publish","format-standard"],"_links":{"self":[{"href":"https:\/\/www.fiscalia.gov.co\/colombia\/en\/wp-json\/wp\/v2\/posts\/33677"}],"collection":[{"href":"https:\/\/www.fiscalia.gov.co\/colombia\/en\/wp-json\/wp\/v2\/posts"}],"about":[{"href":"https:\/\/www.fiscalia.gov.co\/colombia\/en\/wp-json\/wp\/v2\/types\/post"}],"author":[{"embeddable":true,"href":"https:\/\/www.fiscalia.gov.co\/colombia\/en\/wp-json\/wp\/v2\/users\/1"}],"replies":[{"embeddable":true,"href":"https:\/\/www.fiscalia.gov.co\/colombia\/en\/wp-json\/wp\/v2\/comments?post=33677"}],"version-history":[{"count":1,"href":"https:\/\/www.fiscalia.gov.co\/colombia\/en\/wp-json\/wp\/v2\/posts\/33677\/revisions"}],"predecessor-version":[{"id":33678,"href":"https:\/\/www.fiscalia.gov.co\/colombia\/en\/wp-json\/wp\/v2\/posts\/33677\/revisions\/33678"}],"wp:attachment":[{"href":"https:\/\/www.fiscalia.gov.co\/colombia\/en\/wp-json\/wp\/v2\/media?parent=33677"}],"wp:term":[{"taxonomy":"category","embeddable":true,"href":"https:\/\/www.fiscalia.gov.co\/colombia\/en\/wp-json\/wp\/v2\/categories?post=33677"},{"taxonomy":"post_tag","embeddable":true,"href":"https:\/\/www.fiscalia.gov.co\/colombia\/en\/wp-json\/wp\/v2\/tags?post=33677"}],"curies":[{"name":"wp","href":"https:\/\/api.w.org\/{rel}","templated":true}]}}