{"id":33665,"date":"2014-07-10T10:42:15","date_gmt":"2014-07-10T15:42:15","guid":{"rendered":"https:\/\/www.fiscalia.gov.co\/colombia\/en\/?p=33665"},"modified":"2015-12-28T11:01:09","modified_gmt":"2015-12-28T16:01:09","slug":"the-attorney-general-office-creates-a-commission-on-native-communities-issues","status":"publish","type":"post","link":"https:\/\/www.fiscalia.gov.co\/colombia\/en\/2014\/07\/10\/the-attorney-general-office-creates-a-commission-on-native-communities-issues\/","title":{"rendered":"The Attorney General Office creates a Commission on Native Communities Issues"},"content":{"rendered":"<p>As a result of an unprecedented visit to Arawaks from Nabusimake indigenous community located at Sierra Nevada de Santa Marta, the Deputy Assistant Attorney General, Jorge Fernando Perdomo Torres; National Director of Analysis and Contexts, Juan Pablo Hinestrosa and\u00a0 National Director of Regional Offices and Public safety, Luis Gonz\u00e1lez Le\u00f3n learned first-hand about criminal facts that worry the community.<\/p>\n<p>Leaders and \u201c<em>mamos\u201d* <\/em>from the community attended this meeting which was held at the <em>Centro Ceremonial Politico<\/em>. The Governor Jos\u00e9 Mar\u00eda Arroyo Izquierdo, the spokesman Hermes Torres and the Human Rights Commissioner Leonor Zalabata participated at this event and expressed their concerns about the crimes committed against natives.<\/p>\n<p>Among the biggest concerns is the murder of three leaders in November 28, 1990 who would be part of the National Constituent Assembly \u00c1ngel Mar\u00eda Torres Arroyo, Luis Napole\u00f3n Torres Crespo and Antonio Hugues Chaparro Torres and the attempted murder of the former Governor in Pueblo Bello (Valledupar); the sexual abuse of minors; the forced displacement of people in order to take control of their lands and natural resources to build projects and practice illegal mining.<\/p>\n<p>Due to the situation of native people in Sierra Nevada who have been victim of violent acts not only from paramilitaries and guerrilla members, but also from the Armed Forces and people in general, the Deputy Assistant Attorney General created a <em>Commission on Native Communities Issues<\/em><strong> <\/strong>that<strong> <\/strong>will begin to investigate all requests made by communities living in <em>Sierra Nevada de Santa Marta<\/em> and aims to help all native communities in Colombia in special situations.<\/p>\n<p>Until now the National Directorate of Analysis and Contexts has identified 117 cases that it will lead from the Main Branch in Bogot\u00e1 by means of technical committees and investigations.<\/p>\n<p>The result and progress of these investigations will be given in december and the spokeswomen will be the 25<sup>th<\/sup> Specialized Prosecutor Lorena Calder\u00f3n Parejo and the Specialized Prosecutor Luisa Fernanda Obando, under the coordination of the Directorate of Analysis and Contexts and Directorate of Regional Prosecutors\u2019 Offices.<\/p>\n<p>&nbsp;<\/p>\n<p><em>*Mamos:<\/em> spiritual leaders at the community<\/p>\n","protected":false},"excerpt":{"rendered":"<p>As a result of an unprecedented visit to Arawaks from Nabusimake indigenous community located at Sierra Nevada de Santa Marta,<\/p>\n","protected":false},"author":1,"featured_media":0,"comment_status":"closed","ping_status":"open","sticky":false,"template":"","format":"standard","meta":{"footnotes":""},"categories":[],"tags":[],"class_list":["post-33665","post","type-post","status-publish","format-standard"],"_links":{"self":[{"href":"https:\/\/www.fiscalia.gov.co\/colombia\/en\/wp-json\/wp\/v2\/posts\/33665"}],"collection":[{"href":"https:\/\/www.fiscalia.gov.co\/colombia\/en\/wp-json\/wp\/v2\/posts"}],"about":[{"href":"https:\/\/www.fiscalia.gov.co\/colombia\/en\/wp-json\/wp\/v2\/types\/post"}],"author":[{"embeddable":true,"href":"https:\/\/www.fiscalia.gov.co\/colombia\/en\/wp-json\/wp\/v2\/users\/1"}],"replies":[{"embeddable":true,"href":"https:\/\/www.fiscalia.gov.co\/colombia\/en\/wp-json\/wp\/v2\/comments?post=33665"}],"version-history":[{"count":3,"href":"https:\/\/www.fiscalia.gov.co\/colombia\/en\/wp-json\/wp\/v2\/posts\/33665\/revisions"}],"predecessor-version":[{"id":34923,"href":"https:\/\/www.fiscalia.gov.co\/colombia\/en\/wp-json\/wp\/v2\/posts\/33665\/revisions\/34923"}],"wp:attachment":[{"href":"https:\/\/www.fiscalia.gov.co\/colombia\/en\/wp-json\/wp\/v2\/media?parent=33665"}],"wp:term":[{"taxonomy":"category","embeddable":true,"href":"https:\/\/www.fiscalia.gov.co\/colombia\/en\/wp-json\/wp\/v2\/categories?post=33665"},{"taxonomy":"post_tag","embeddable":true,"href":"https:\/\/www.fiscalia.gov.co\/colombia\/en\/wp-json\/wp\/v2\/tags?post=33665"}],"curies":[{"name":"wp","href":"https:\/\/api.w.org\/{rel}","templated":true}]}}