{"id":33647,"date":"2014-07-05T10:42:52","date_gmt":"2014-07-05T15:42:52","guid":{"rendered":"https:\/\/www.fiscalia.gov.co\/colombia\/en\/?p=33647"},"modified":"2014-07-17T08:46:49","modified_gmt":"2014-07-17T13:46:49","slug":"the-alleged-people-who-murdered-the-comptroller-of-quibdo-were-arrested","status":"publish","type":"post","link":"https:\/\/www.fiscalia.gov.co\/colombia\/en\/2014\/07\/05\/the-alleged-people-who-murdered-the-comptroller-of-quibdo-were-arrested\/","title":{"rendered":"The alleged people who murdered the Comptroller of Quibd\u00f3 were arrested"},"content":{"rendered":"<p>The National Director of Regional Offices and Public Safety from the Attorney General Office, Luis Gonz\u00e1lez Le\u00f3n, announced during a press conference the arrest of two suspects on the murder of Consuelo de Jes\u00fas S\u00e1nchez Echeverri, a public servant of the Comptroller\u2019s Office in Quibd\u00f3, which occurred on June 16 in Monserrate neighborhood in the city of Quibd\u00f3 (Choc\u00f3).<\/p>\n","protected":false},"excerpt":{"rendered":"<p>The National Director of Regional Offices and Public Safety from the Attorney General Office, Luis Gonz\u00e1lez Le\u00f3n, announced during a press conference the arrest of two suspects on the murder of Consuelo de Jes\u00fas S\u00e1nchez Echeverri, a public servant of the Comptroller\u2019s Office in Quibd\u00f3, which occurred on June 16 in Monserrate neighborhood in the [&hellip;]<\/p>\n","protected":false},"author":1,"featured_media":0,"comment_status":"closed","ping_status":"open","sticky":false,"template":"","format":"standard","meta":{"footnotes":""},"categories":[],"tags":[],"class_list":["post-33647","post","type-post","status-publish","format-standard"],"_links":{"self":[{"href":"https:\/\/www.fiscalia.gov.co\/colombia\/en\/wp-json\/wp\/v2\/posts\/33647"}],"collection":[{"href":"https:\/\/www.fiscalia.gov.co\/colombia\/en\/wp-json\/wp\/v2\/posts"}],"about":[{"href":"https:\/\/www.fiscalia.gov.co\/colombia\/en\/wp-json\/wp\/v2\/types\/post"}],"author":[{"embeddable":true,"href":"https:\/\/www.fiscalia.gov.co\/colombia\/en\/wp-json\/wp\/v2\/users\/1"}],"replies":[{"embeddable":true,"href":"https:\/\/www.fiscalia.gov.co\/colombia\/en\/wp-json\/wp\/v2\/comments?post=33647"}],"version-history":[{"count":2,"href":"https:\/\/www.fiscalia.gov.co\/colombia\/en\/wp-json\/wp\/v2\/posts\/33647\/revisions"}],"predecessor-version":[{"id":33649,"href":"https:\/\/www.fiscalia.gov.co\/colombia\/en\/wp-json\/wp\/v2\/posts\/33647\/revisions\/33649"}],"wp:attachment":[{"href":"https:\/\/www.fiscalia.gov.co\/colombia\/en\/wp-json\/wp\/v2\/media?parent=33647"}],"wp:term":[{"taxonomy":"category","embeddable":true,"href":"https:\/\/www.fiscalia.gov.co\/colombia\/en\/wp-json\/wp\/v2\/categories?post=33647"},{"taxonomy":"post_tag","embeddable":true,"href":"https:\/\/www.fiscalia.gov.co\/colombia\/en\/wp-json\/wp\/v2\/tags?post=33647"}],"curies":[{"name":"wp","href":"https:\/\/api.w.org\/{rel}","templated":true}]}}