{"id":33645,"date":"2014-07-04T12:48:42","date_gmt":"2014-07-04T17:48:42","guid":{"rendered":"https:\/\/www.fiscalia.gov.co\/colombia\/en\/?p=33645"},"modified":"2014-07-17T08:45:39","modified_gmt":"2014-07-17T13:45:39","slug":"the-attorney-general-office-investigates-a-murder-in-combita-prison","status":"publish","type":"post","link":"https:\/\/www.fiscalia.gov.co\/colombia\/en\/2014\/07\/04\/the-attorney-general-office-investigates-a-murder-in-combita-prison\/","title":{"rendered":"The Attorney General Office investigates a murder in C\u00f3mbita prison"},"content":{"rendered":"<p>The 11th Regional Prosecutor Office from the Unit of Crimes Against Life in Tunja (Boyac\u00e1) is in charge of investigating the events which occurred on July 1<sup>st<\/sup> at \u00a0C\u00f3mbita prison as the inmate Germ\u00e1n \u00c1lvarez Rico was mortally wounded in the chest with a sharp object, apparently by another inmate of the prison.<\/p>\n","protected":false},"excerpt":{"rendered":"<p>The 11th Regional Prosecutor Office from the Unit of Crimes Against Life in Tunja (Boyac\u00e1) is in charge of investigating the events which occurred on July 1st at \u00a0C\u00f3mbita prison as the inmate Germ\u00e1n \u00c1lvarez Rico was mortally wounded in the chest with a sharp object, apparently by another inmate of the prison.<\/p>\n","protected":false},"author":1,"featured_media":0,"comment_status":"closed","ping_status":"open","sticky":false,"template":"","format":"standard","meta":{"footnotes":""},"categories":[],"tags":[],"class_list":["post-33645","post","type-post","status-publish","format-standard"],"_links":{"self":[{"href":"https:\/\/www.fiscalia.gov.co\/colombia\/en\/wp-json\/wp\/v2\/posts\/33645"}],"collection":[{"href":"https:\/\/www.fiscalia.gov.co\/colombia\/en\/wp-json\/wp\/v2\/posts"}],"about":[{"href":"https:\/\/www.fiscalia.gov.co\/colombia\/en\/wp-json\/wp\/v2\/types\/post"}],"author":[{"embeddable":true,"href":"https:\/\/www.fiscalia.gov.co\/colombia\/en\/wp-json\/wp\/v2\/users\/1"}],"replies":[{"embeddable":true,"href":"https:\/\/www.fiscalia.gov.co\/colombia\/en\/wp-json\/wp\/v2\/comments?post=33645"}],"version-history":[{"count":1,"href":"https:\/\/www.fiscalia.gov.co\/colombia\/en\/wp-json\/wp\/v2\/posts\/33645\/revisions"}],"predecessor-version":[{"id":33646,"href":"https:\/\/www.fiscalia.gov.co\/colombia\/en\/wp-json\/wp\/v2\/posts\/33645\/revisions\/33646"}],"wp:attachment":[{"href":"https:\/\/www.fiscalia.gov.co\/colombia\/en\/wp-json\/wp\/v2\/media?parent=33645"}],"wp:term":[{"taxonomy":"category","embeddable":true,"href":"https:\/\/www.fiscalia.gov.co\/colombia\/en\/wp-json\/wp\/v2\/categories?post=33645"},{"taxonomy":"post_tag","embeddable":true,"href":"https:\/\/www.fiscalia.gov.co\/colombia\/en\/wp-json\/wp\/v2\/tags?post=33645"}],"curies":[{"name":"wp","href":"https:\/\/api.w.org\/{rel}","templated":true}]}}