{"id":33643,"date":"2014-07-04T11:58:54","date_gmt":"2014-07-04T16:58:54","guid":{"rendered":"https:\/\/www.fiscalia.gov.co\/colombia\/en\/?p=33643"},"modified":"2014-07-17T08:03:31","modified_gmt":"2014-07-17T13:03:31","slug":"the-former-legal-secretaries-and-a-contractor-from-the-governance-office-of-meta-were-sentenced-for-the-offense-of-embezzlement","status":"publish","type":"post","link":"https:\/\/www.fiscalia.gov.co\/colombia\/en\/2014\/07\/04\/the-former-legal-secretaries-and-a-contractor-from-the-governance-office-of-meta-were-sentenced-for-the-offense-of-embezzlement\/","title":{"rendered":"The former Legal Secretaries and a Contractor from the Governance Office of Meta were sentenced  for the offense of embezzlement"},"content":{"rendered":"<p>Once the Second Circuit Court in Villavicencio evaluated the evidences supported by the Attorney General Office, sentenced Eduardo Yanol\u00fa Merch\u00e1n L\u00f3pez and Rodrigo Pati\u00f1o Pastrana, former legal secretaries of the Governance Office of Meta to 15 years and 9 months in prison\u00a0 for the offense of embezzlement by appropriation.<\/p>\n","protected":false},"excerpt":{"rendered":"<p>Once the Second Circuit Court in Villavicencio evaluated the evidences supported by the Attorney General Office, sentenced Eduardo Yanol\u00fa Merch\u00e1n L\u00f3pez and Rodrigo Pati\u00f1o Pastrana, former legal secretaries of the Governance Office of Meta to 15 years and 9 months in prison\u00a0 for the offense of embezzlement by appropriation.<\/p>\n","protected":false},"author":1,"featured_media":0,"comment_status":"closed","ping_status":"open","sticky":false,"template":"","format":"standard","meta":{"footnotes":""},"categories":[],"tags":[],"class_list":["post-33643","post","type-post","status-publish","format-standard"],"_links":{"self":[{"href":"https:\/\/www.fiscalia.gov.co\/colombia\/en\/wp-json\/wp\/v2\/posts\/33643"}],"collection":[{"href":"https:\/\/www.fiscalia.gov.co\/colombia\/en\/wp-json\/wp\/v2\/posts"}],"about":[{"href":"https:\/\/www.fiscalia.gov.co\/colombia\/en\/wp-json\/wp\/v2\/types\/post"}],"author":[{"embeddable":true,"href":"https:\/\/www.fiscalia.gov.co\/colombia\/en\/wp-json\/wp\/v2\/users\/1"}],"replies":[{"embeddable":true,"href":"https:\/\/www.fiscalia.gov.co\/colombia\/en\/wp-json\/wp\/v2\/comments?post=33643"}],"version-history":[{"count":1,"href":"https:\/\/www.fiscalia.gov.co\/colombia\/en\/wp-json\/wp\/v2\/posts\/33643\/revisions"}],"predecessor-version":[{"id":33644,"href":"https:\/\/www.fiscalia.gov.co\/colombia\/en\/wp-json\/wp\/v2\/posts\/33643\/revisions\/33644"}],"wp:attachment":[{"href":"https:\/\/www.fiscalia.gov.co\/colombia\/en\/wp-json\/wp\/v2\/media?parent=33643"}],"wp:term":[{"taxonomy":"category","embeddable":true,"href":"https:\/\/www.fiscalia.gov.co\/colombia\/en\/wp-json\/wp\/v2\/categories?post=33643"},{"taxonomy":"post_tag","embeddable":true,"href":"https:\/\/www.fiscalia.gov.co\/colombia\/en\/wp-json\/wp\/v2\/tags?post=33643"}],"curies":[{"name":"wp","href":"https:\/\/api.w.org\/{rel}","templated":true}]}}