{"id":33603,"date":"2014-07-01T15:16:35","date_gmt":"2014-07-01T20:16:35","guid":{"rendered":"https:\/\/www.fiscalia.gov.co\/colombia\/en\/?p=33603"},"modified":"2014-07-15T09:47:54","modified_gmt":"2014-07-15T14:47:54","slug":"alias-julian-bolivar-will-be-brought-to-a-hearing","status":"publish","type":"post","link":"https:\/\/www.fiscalia.gov.co\/colombia\/en\/2014\/07\/01\/alias-julian-bolivar-will-be-brought-to-a-hearing\/","title":{"rendered":"Alias Juli\u00e1n Bol\u00edvar will be brought to a hearing"},"content":{"rendered":"<p>At\u00a0 the Justice and Peace Chambers in Bogota, a hearing is being held on the case\u00a0 conducted by the Attorney General Office regarding\u00a0 Rodrigo P\u00e9rez \u00c1lzate, alias Juli\u00e1n Bol\u00edvar, commander of the <em>Central Bolivar<\/em> Block from the <em>Self Defence<\/em><strong> <\/strong>Forces of <em>Colombia<\/em> (AUC).<\/p>\n","protected":false},"excerpt":{"rendered":"<p>At\u00a0 the Justice and Peace Chambers in Bogota, a hearing is being held on the case\u00a0 conducted by the Attorney General Office regarding\u00a0 Rodrigo P\u00e9rez \u00c1lzate, alias Juli\u00e1n Bol\u00edvar, commander of the Central Bolivar Block from the Self Defence Forces of Colombia (AUC).<\/p>\n","protected":false},"author":1,"featured_media":0,"comment_status":"closed","ping_status":"open","sticky":false,"template":"","format":"standard","meta":{"footnotes":""},"categories":[],"tags":[],"class_list":["post-33603","post","type-post","status-publish","format-standard"],"_links":{"self":[{"href":"https:\/\/www.fiscalia.gov.co\/colombia\/en\/wp-json\/wp\/v2\/posts\/33603"}],"collection":[{"href":"https:\/\/www.fiscalia.gov.co\/colombia\/en\/wp-json\/wp\/v2\/posts"}],"about":[{"href":"https:\/\/www.fiscalia.gov.co\/colombia\/en\/wp-json\/wp\/v2\/types\/post"}],"author":[{"embeddable":true,"href":"https:\/\/www.fiscalia.gov.co\/colombia\/en\/wp-json\/wp\/v2\/users\/1"}],"replies":[{"embeddable":true,"href":"https:\/\/www.fiscalia.gov.co\/colombia\/en\/wp-json\/wp\/v2\/comments?post=33603"}],"version-history":[{"count":1,"href":"https:\/\/www.fiscalia.gov.co\/colombia\/en\/wp-json\/wp\/v2\/posts\/33603\/revisions"}],"predecessor-version":[{"id":33604,"href":"https:\/\/www.fiscalia.gov.co\/colombia\/en\/wp-json\/wp\/v2\/posts\/33603\/revisions\/33604"}],"wp:attachment":[{"href":"https:\/\/www.fiscalia.gov.co\/colombia\/en\/wp-json\/wp\/v2\/media?parent=33603"}],"wp:term":[{"taxonomy":"category","embeddable":true,"href":"https:\/\/www.fiscalia.gov.co\/colombia\/en\/wp-json\/wp\/v2\/categories?post=33603"},{"taxonomy":"post_tag","embeddable":true,"href":"https:\/\/www.fiscalia.gov.co\/colombia\/en\/wp-json\/wp\/v2\/tags?post=33603"}],"curies":[{"name":"wp","href":"https:\/\/api.w.org\/{rel}","templated":true}]}}