{"id":33601,"date":"2014-07-01T15:10:52","date_gmt":"2014-07-01T20:10:52","guid":{"rendered":"https:\/\/www.fiscalia.gov.co\/colombia\/en\/?p=33601"},"modified":"2014-07-15T09:46:19","modified_gmt":"2014-07-15T14:46:19","slug":"alias-quemado-was-arrested-by-the-technical-investigation-team-cti-for-a-forced-disappearance-offense","status":"publish","type":"post","link":"https:\/\/www.fiscalia.gov.co\/colombia\/en\/2014\/07\/01\/alias-quemado-was-arrested-by-the-technical-investigation-team-cti-for-a-forced-disappearance-offense\/","title":{"rendered":"Alias \u201cQuemado\u201d was arrested by the Technical Investigation Team (CTI) for a forced disappearance offense"},"content":{"rendered":"<p>At request of a prosecutor from the National Directorate of Prosecutor Offices specialized in Human Rights and International Humanitarian Law in Bogot\u00e1, Frederman Sarria Garc\u00eda, alias Quemado or Solano was arrested by CTI Judicial Police Officers belonging to Gaula in Florencia (Caquet\u00e1) in coordination with the Colombian National Army.<\/p>\n<p>He is allegedly responsible for the offenses of forced disappearance, kidnapping for ransom, murder of a protected person, torture and conspiracy.<\/p>\n<p>&nbsp;<\/p>\n","protected":false},"excerpt":{"rendered":"<p>At request of a prosecutor from the National Directorate of Prosecutor Offices specialized in Human Rights and International Humanitarian Law in Bogot\u00e1, Frederman Sarria Garc\u00eda, alias Quemado or Solano was arrested by CTI Judicial Police Officers belonging to Gaula in Florencia (Caquet\u00e1) in coordination with the Colombian National Army. He is allegedly responsible for the [&hellip;]<\/p>\n","protected":false},"author":1,"featured_media":0,"comment_status":"closed","ping_status":"open","sticky":false,"template":"","format":"standard","meta":{"footnotes":""},"categories":[],"tags":[],"class_list":["post-33601","post","type-post","status-publish","format-standard"],"_links":{"self":[{"href":"https:\/\/www.fiscalia.gov.co\/colombia\/en\/wp-json\/wp\/v2\/posts\/33601"}],"collection":[{"href":"https:\/\/www.fiscalia.gov.co\/colombia\/en\/wp-json\/wp\/v2\/posts"}],"about":[{"href":"https:\/\/www.fiscalia.gov.co\/colombia\/en\/wp-json\/wp\/v2\/types\/post"}],"author":[{"embeddable":true,"href":"https:\/\/www.fiscalia.gov.co\/colombia\/en\/wp-json\/wp\/v2\/users\/1"}],"replies":[{"embeddable":true,"href":"https:\/\/www.fiscalia.gov.co\/colombia\/en\/wp-json\/wp\/v2\/comments?post=33601"}],"version-history":[{"count":1,"href":"https:\/\/www.fiscalia.gov.co\/colombia\/en\/wp-json\/wp\/v2\/posts\/33601\/revisions"}],"predecessor-version":[{"id":33602,"href":"https:\/\/www.fiscalia.gov.co\/colombia\/en\/wp-json\/wp\/v2\/posts\/33601\/revisions\/33602"}],"wp:attachment":[{"href":"https:\/\/www.fiscalia.gov.co\/colombia\/en\/wp-json\/wp\/v2\/media?parent=33601"}],"wp:term":[{"taxonomy":"category","embeddable":true,"href":"https:\/\/www.fiscalia.gov.co\/colombia\/en\/wp-json\/wp\/v2\/categories?post=33601"},{"taxonomy":"post_tag","embeddable":true,"href":"https:\/\/www.fiscalia.gov.co\/colombia\/en\/wp-json\/wp\/v2\/tags?post=33601"}],"curies":[{"name":"wp","href":"https:\/\/api.w.org\/{rel}","templated":true}]}}