{"id":33586,"date":"2014-06-25T13:56:01","date_gmt":"2014-06-25T18:56:01","guid":{"rendered":"https:\/\/www.fiscalia.gov.co\/colombia\/en\/?p=33586"},"modified":"2014-07-11T17:17:23","modified_gmt":"2014-07-11T22:17:23","slug":"two-people-were-convicted-of-illegal-possession-of-weapons","status":"publish","type":"post","link":"https:\/\/www.fiscalia.gov.co\/colombia\/en\/2014\/06\/25\/two-people-were-convicted-of-illegal-possession-of-weapons\/","title":{"rendered":"Two people were convicted of illegal possession of weapons"},"content":{"rendered":"<p>After the Court approved the plea bargain between the defendant\u2019s defense and the prosecutor, the First Circuit Court in C\u00facuta charged Jos\u00e9 Antonio Rojas Moncada and Jes\u00fas Dami\u00e1n Garc\u00eda Qui\u00f1onez with illegal possession of firearms.<\/p>\n<p>The defendants were arrested in flagrancy while they were trying to hide a 38 millimeter caliber hand gun.<\/p>\n","protected":false},"excerpt":{"rendered":"<p>After the Court approved the plea bargain between the defendant\u2019s defense and the prosecutor, the First Circuit Court in C\u00facuta charged Jos\u00e9 Antonio Rojas Moncada and Jes\u00fas Dami\u00e1n Garc\u00eda Qui\u00f1onez with illegal possession of firearms. The defendants were arrested in flagrancy while they were trying to hide a 38 millimeter caliber hand gun.<\/p>\n","protected":false},"author":1,"featured_media":0,"comment_status":"closed","ping_status":"open","sticky":false,"template":"","format":"standard","meta":{"footnotes":""},"categories":[],"tags":[],"class_list":["post-33586","post","type-post","status-publish","format-standard"],"_links":{"self":[{"href":"https:\/\/www.fiscalia.gov.co\/colombia\/en\/wp-json\/wp\/v2\/posts\/33586"}],"collection":[{"href":"https:\/\/www.fiscalia.gov.co\/colombia\/en\/wp-json\/wp\/v2\/posts"}],"about":[{"href":"https:\/\/www.fiscalia.gov.co\/colombia\/en\/wp-json\/wp\/v2\/types\/post"}],"author":[{"embeddable":true,"href":"https:\/\/www.fiscalia.gov.co\/colombia\/en\/wp-json\/wp\/v2\/users\/1"}],"replies":[{"embeddable":true,"href":"https:\/\/www.fiscalia.gov.co\/colombia\/en\/wp-json\/wp\/v2\/comments?post=33586"}],"version-history":[{"count":1,"href":"https:\/\/www.fiscalia.gov.co\/colombia\/en\/wp-json\/wp\/v2\/posts\/33586\/revisions"}],"predecessor-version":[{"id":33587,"href":"https:\/\/www.fiscalia.gov.co\/colombia\/en\/wp-json\/wp\/v2\/posts\/33586\/revisions\/33587"}],"wp:attachment":[{"href":"https:\/\/www.fiscalia.gov.co\/colombia\/en\/wp-json\/wp\/v2\/media?parent=33586"}],"wp:term":[{"taxonomy":"category","embeddable":true,"href":"https:\/\/www.fiscalia.gov.co\/colombia\/en\/wp-json\/wp\/v2\/categories?post=33586"},{"taxonomy":"post_tag","embeddable":true,"href":"https:\/\/www.fiscalia.gov.co\/colombia\/en\/wp-json\/wp\/v2\/tags?post=33586"}],"curies":[{"name":"wp","href":"https:\/\/api.w.org\/{rel}","templated":true}]}}