{"id":33574,"date":"2014-06-24T16:51:52","date_gmt":"2014-06-24T21:51:52","guid":{"rendered":"https:\/\/www.fiscalia.gov.co\/colombia\/en\/?p=33574"},"modified":"2014-07-10T10:33:18","modified_gmt":"2014-07-10T15:33:18","slug":"an-accounting-assistant-was-convicted-of-swindling-a-commercial-establishment","status":"publish","type":"post","link":"https:\/\/www.fiscalia.gov.co\/colombia\/en\/2014\/06\/24\/an-accounting-assistant-was-convicted-of-swindling-a-commercial-establishment\/","title":{"rendered":"An accounting assistant was convicted of swindling a commercial establishment"},"content":{"rendered":"<p>At the request of the 14th Regional Prosecutor in Pereira, the Fourth Circuit Court of that city sentenced Mar\u00eda Elena Garc\u00eda G\u00f3mez to six years in prison for the crime of misrepresentation of acts in a private document and aggravated theft.<\/p>\n<p>The decision was based on the facts which occurred on January 2006 when Garc\u00eda G\u00f3mez unlawfully took $ 133.620.000\u00a0 million pesos belonging to the company where he worked as an accounting assistant.<\/p>\n<p>&nbsp;<\/p>\n","protected":false},"excerpt":{"rendered":"<p>At the request of the 14th Regional Prosecutor in Pereira, the Fourth Circuit Court of that city sentenced Mar\u00eda Elena Garc\u00eda G\u00f3mez to six years in prison for the crime of misrepresentation of acts in a private document and aggravated theft. The decision was based on the facts which occurred on January 2006 when Garc\u00eda [&hellip;]<\/p>\n","protected":false},"author":1,"featured_media":0,"comment_status":"closed","ping_status":"open","sticky":false,"template":"","format":"standard","meta":{"footnotes":""},"categories":[],"tags":[],"class_list":["post-33574","post","type-post","status-publish","format-standard"],"_links":{"self":[{"href":"https:\/\/www.fiscalia.gov.co\/colombia\/en\/wp-json\/wp\/v2\/posts\/33574"}],"collection":[{"href":"https:\/\/www.fiscalia.gov.co\/colombia\/en\/wp-json\/wp\/v2\/posts"}],"about":[{"href":"https:\/\/www.fiscalia.gov.co\/colombia\/en\/wp-json\/wp\/v2\/types\/post"}],"author":[{"embeddable":true,"href":"https:\/\/www.fiscalia.gov.co\/colombia\/en\/wp-json\/wp\/v2\/users\/1"}],"replies":[{"embeddable":true,"href":"https:\/\/www.fiscalia.gov.co\/colombia\/en\/wp-json\/wp\/v2\/comments?post=33574"}],"version-history":[{"count":1,"href":"https:\/\/www.fiscalia.gov.co\/colombia\/en\/wp-json\/wp\/v2\/posts\/33574\/revisions"}],"predecessor-version":[{"id":33575,"href":"https:\/\/www.fiscalia.gov.co\/colombia\/en\/wp-json\/wp\/v2\/posts\/33574\/revisions\/33575"}],"wp:attachment":[{"href":"https:\/\/www.fiscalia.gov.co\/colombia\/en\/wp-json\/wp\/v2\/media?parent=33574"}],"wp:term":[{"taxonomy":"category","embeddable":true,"href":"https:\/\/www.fiscalia.gov.co\/colombia\/en\/wp-json\/wp\/v2\/categories?post=33574"},{"taxonomy":"post_tag","embeddable":true,"href":"https:\/\/www.fiscalia.gov.co\/colombia\/en\/wp-json\/wp\/v2\/tags?post=33574"}],"curies":[{"name":"wp","href":"https:\/\/api.w.org\/{rel}","templated":true}]}}