{"id":33570,"date":"2014-06-24T11:22:20","date_gmt":"2014-06-24T16:22:20","guid":{"rendered":"https:\/\/www.fiscalia.gov.co\/colombia\/en\/?p=33570"},"modified":"2014-07-10T10:23:12","modified_gmt":"2014-07-10T15:23:12","slug":"a-restraining-order-has-been-issued-against-miguel-angel-mechor-mejia-munera-alias-el-mellizo","status":"publish","type":"post","link":"https:\/\/www.fiscalia.gov.co\/colombia\/en\/2014\/06\/24\/a-restraining-order-has-been-issued-against-miguel-angel-mechor-mejia-munera-alias-el-mellizo\/","title":{"rendered":"A restraining order has been issued against Miguel \u00c1ngel Mechor Mej\u00eda M\u00fanera, alias  El Mellizo"},"content":{"rendered":"<p>Between June 24 and 25,\u00a0 the Justice and Peace Chamber of the High Court in Bogot\u00e1 will issue a restraining order against Miguel \u00c1ngel Mechor Mej\u00eda M\u00fanera, alias \u00a0El Mellizo or Pablo Arauca,\u00a0 former commander of the United Self Defense Forces of Colombia (AUC) Vencedores Block who was extradited to the United States.<\/p>\n<p>El Mellizo who was imprisoned at the Northern Neck Regional Jail\u00a0in Warsaw, Virginia was tried for 230 facts of illegal recruitment, forced disappearance and displacement, gender-based violence, exactions and important cases which affected more than 1150 victims.<\/p>\n<p>&nbsp;<\/p>\n<p>* El Mellizo (The Twin in English)<\/p>\n","protected":false},"excerpt":{"rendered":"<p>Between June 24 and 25,\u00a0 the Justice and Peace Chamber of the High Court in Bogot\u00e1 will issue a restraining order against Miguel \u00c1ngel Mechor Mej\u00eda M\u00fanera, alias \u00a0El Mellizo or Pablo Arauca,\u00a0 former commander of the United Self Defense Forces of Colombia (AUC) Vencedores Block who was extradited to the United States. El Mellizo [&hellip;]<\/p>\n","protected":false},"author":1,"featured_media":0,"comment_status":"closed","ping_status":"open","sticky":false,"template":"","format":"standard","meta":{"footnotes":""},"categories":[],"tags":[],"class_list":["post-33570","post","type-post","status-publish","format-standard"],"_links":{"self":[{"href":"https:\/\/www.fiscalia.gov.co\/colombia\/en\/wp-json\/wp\/v2\/posts\/33570"}],"collection":[{"href":"https:\/\/www.fiscalia.gov.co\/colombia\/en\/wp-json\/wp\/v2\/posts"}],"about":[{"href":"https:\/\/www.fiscalia.gov.co\/colombia\/en\/wp-json\/wp\/v2\/types\/post"}],"author":[{"embeddable":true,"href":"https:\/\/www.fiscalia.gov.co\/colombia\/en\/wp-json\/wp\/v2\/users\/1"}],"replies":[{"embeddable":true,"href":"https:\/\/www.fiscalia.gov.co\/colombia\/en\/wp-json\/wp\/v2\/comments?post=33570"}],"version-history":[{"count":1,"href":"https:\/\/www.fiscalia.gov.co\/colombia\/en\/wp-json\/wp\/v2\/posts\/33570\/revisions"}],"predecessor-version":[{"id":33571,"href":"https:\/\/www.fiscalia.gov.co\/colombia\/en\/wp-json\/wp\/v2\/posts\/33570\/revisions\/33571"}],"wp:attachment":[{"href":"https:\/\/www.fiscalia.gov.co\/colombia\/en\/wp-json\/wp\/v2\/media?parent=33570"}],"wp:term":[{"taxonomy":"category","embeddable":true,"href":"https:\/\/www.fiscalia.gov.co\/colombia\/en\/wp-json\/wp\/v2\/categories?post=33570"},{"taxonomy":"post_tag","embeddable":true,"href":"https:\/\/www.fiscalia.gov.co\/colombia\/en\/wp-json\/wp\/v2\/tags?post=33570"}],"curies":[{"name":"wp","href":"https:\/\/api.w.org\/{rel}","templated":true}]}}