{"id":33568,"date":"2014-06-24T11:19:55","date_gmt":"2014-06-24T16:19:55","guid":{"rendered":"https:\/\/www.fiscalia.gov.co\/colombia\/en\/?p=33568"},"modified":"2014-07-10T10:19:02","modified_gmt":"2014-07-10T15:19:02","slug":"a-hearing-concerning-affectations-caused-to-victims-of-salvatore-mancuso-will-be-held","status":"publish","type":"post","link":"https:\/\/www.fiscalia.gov.co\/colombia\/en\/2014\/06\/24\/a-hearing-concerning-affectations-caused-to-victims-of-salvatore-mancuso-will-be-held\/","title":{"rendered":"A hearing concerning affectations caused to victims of Salvatore Mancuso will be held"},"content":{"rendered":"<p>A hearing concerning the incident of affectations caused to the victims of Salvatore Mancuso G\u00f3mez and other demobilized members from the AUC Catatumbo Block will be held from June 24 to 27.<\/p>\n<p>Paramilitary members linked to this judicial proceeding: Leonardo Enrique S\u00e1nchez Barbosa, Sergio Manuel C\u00f3rdoba Villa, Miguel Ram\u00f3n Posada Castillo, Julio Manuel Argumedo Garc\u00eda, Jos\u00e9 Gregorio Mangonez Lugo, Jorge Iv\u00e1n Laverde Zapata, Jos\u00e9 Bernardo Lozada Artuz, Uber Enrique Manquez Mart\u00ednez, \u00c9dgar Ignacio Fierro Fl\u00f3rez, Hernando de Jes\u00fas Fontalvo S\u00e1nchez and \u00d3scar Jos\u00e9 Ospino Pacheco.<\/p>\n","protected":false},"excerpt":{"rendered":"<p>A hearing concerning the incident of affectations caused to the victims of Salvatore Mancuso G\u00f3mez and other demobilized members from the AUC Catatumbo Block will be held from June 24 to 27. Paramilitary members linked to this judicial proceeding: Leonardo Enrique S\u00e1nchez Barbosa, Sergio Manuel C\u00f3rdoba Villa, Miguel Ram\u00f3n Posada Castillo, Julio Manuel Argumedo Garc\u00eda, [&hellip;]<\/p>\n","protected":false},"author":1,"featured_media":0,"comment_status":"closed","ping_status":"open","sticky":false,"template":"","format":"standard","meta":{"footnotes":""},"categories":[],"tags":[],"class_list":["post-33568","post","type-post","status-publish","format-standard"],"_links":{"self":[{"href":"https:\/\/www.fiscalia.gov.co\/colombia\/en\/wp-json\/wp\/v2\/posts\/33568"}],"collection":[{"href":"https:\/\/www.fiscalia.gov.co\/colombia\/en\/wp-json\/wp\/v2\/posts"}],"about":[{"href":"https:\/\/www.fiscalia.gov.co\/colombia\/en\/wp-json\/wp\/v2\/types\/post"}],"author":[{"embeddable":true,"href":"https:\/\/www.fiscalia.gov.co\/colombia\/en\/wp-json\/wp\/v2\/users\/1"}],"replies":[{"embeddable":true,"href":"https:\/\/www.fiscalia.gov.co\/colombia\/en\/wp-json\/wp\/v2\/comments?post=33568"}],"version-history":[{"count":1,"href":"https:\/\/www.fiscalia.gov.co\/colombia\/en\/wp-json\/wp\/v2\/posts\/33568\/revisions"}],"predecessor-version":[{"id":33569,"href":"https:\/\/www.fiscalia.gov.co\/colombia\/en\/wp-json\/wp\/v2\/posts\/33568\/revisions\/33569"}],"wp:attachment":[{"href":"https:\/\/www.fiscalia.gov.co\/colombia\/en\/wp-json\/wp\/v2\/media?parent=33568"}],"wp:term":[{"taxonomy":"category","embeddable":true,"href":"https:\/\/www.fiscalia.gov.co\/colombia\/en\/wp-json\/wp\/v2\/categories?post=33568"},{"taxonomy":"post_tag","embeddable":true,"href":"https:\/\/www.fiscalia.gov.co\/colombia\/en\/wp-json\/wp\/v2\/tags?post=33568"}],"curies":[{"name":"wp","href":"https:\/\/api.w.org\/{rel}","templated":true}]}}