{"id":33557,"date":"2014-06-19T17:53:25","date_gmt":"2014-06-19T22:53:25","guid":{"rendered":"https:\/\/www.fiscalia.gov.co\/colombia\/en\/?p=33557"},"modified":"2014-07-07T12:00:49","modified_gmt":"2014-07-07T17:00:49","slug":"general-attorney-office-investigates-the-loss-of-files-regarding-the-case-of-das-wiretappings-on-claudia-julieta-duque","status":"publish","type":"post","link":"https:\/\/www.fiscalia.gov.co\/colombia\/en\/2014\/06\/19\/general-attorney-office-investigates-the-loss-of-files-regarding-the-case-of-das-wiretappings-on-claudia-julieta-duque\/","title":{"rendered":"General Attorney Office investigates the loss of files regarding the case of DAS wiretappings on Claudia Julieta Duque"},"content":{"rendered":"<p>On June 18 and 19, as a result of judicial inspections conducted by the National Directorate of Analysis and Contexts belonging to the Attorney General Office at the officially dissolved Administrative Department of Security DAS, it was discovered that a part of the files regarding the case of DAS wiretappings on the journalist Claudia Julieta Duque disappeared.<\/p>\n<p>The information was related to the monitoring of journalists, human rights defenders and civil servants, including the mentioned journalist.<\/p>\n<p>Among the people linked to this investigation are Hugo Daniel Ort\u00edz, Carlos Alberto Arsayus, Jos\u00e9 Miguel Narv\u00e1ez Mart\u00ednez, Jorge Armando Rubiano, Enrique Alberto Ariza, Rodolfo Medina Alem\u00e1n and Giancarlo Auque de Silvestri, all under the direction of Jorge Aurelio Noguera Cotes who was\u00a0 condemned for having links with the <em>Self Defence<\/em><strong> <\/strong>Forces of <em>Colombia<\/em> self-defense and for the murder of Professor Alfredo Correa de Andreis. These people exercised senior\u00a0 positions at the National Directorate of Intelligence.<\/p>\n<p>The Attorney General Office has clarified that the loss of this information does not affect the investigation since it had already been secured, however a copy has been notarized in order to investigate and establish the responsible for this fact.<\/p>\n","protected":false},"excerpt":{"rendered":"<p>On June 18 and 19, as a result of judicial inspections conducted by the National Directorate of Analysis and Contexts belonging to the Attorney General Office at the officially dissolved Administrative Department of Security DAS, it was discovered that a part of the files regarding the case of DAS wiretappings on the journalist Claudia Julieta [&hellip;]<\/p>\n","protected":false},"author":1,"featured_media":0,"comment_status":"closed","ping_status":"open","sticky":false,"template":"","format":"standard","meta":{"footnotes":""},"categories":[],"tags":[],"class_list":["post-33557","post","type-post","status-publish","format-standard"],"_links":{"self":[{"href":"https:\/\/www.fiscalia.gov.co\/colombia\/en\/wp-json\/wp\/v2\/posts\/33557"}],"collection":[{"href":"https:\/\/www.fiscalia.gov.co\/colombia\/en\/wp-json\/wp\/v2\/posts"}],"about":[{"href":"https:\/\/www.fiscalia.gov.co\/colombia\/en\/wp-json\/wp\/v2\/types\/post"}],"author":[{"embeddable":true,"href":"https:\/\/www.fiscalia.gov.co\/colombia\/en\/wp-json\/wp\/v2\/users\/1"}],"replies":[{"embeddable":true,"href":"https:\/\/www.fiscalia.gov.co\/colombia\/en\/wp-json\/wp\/v2\/comments?post=33557"}],"version-history":[{"count":1,"href":"https:\/\/www.fiscalia.gov.co\/colombia\/en\/wp-json\/wp\/v2\/posts\/33557\/revisions"}],"predecessor-version":[{"id":33558,"href":"https:\/\/www.fiscalia.gov.co\/colombia\/en\/wp-json\/wp\/v2\/posts\/33557\/revisions\/33558"}],"wp:attachment":[{"href":"https:\/\/www.fiscalia.gov.co\/colombia\/en\/wp-json\/wp\/v2\/media?parent=33557"}],"wp:term":[{"taxonomy":"category","embeddable":true,"href":"https:\/\/www.fiscalia.gov.co\/colombia\/en\/wp-json\/wp\/v2\/categories?post=33557"},{"taxonomy":"post_tag","embeddable":true,"href":"https:\/\/www.fiscalia.gov.co\/colombia\/en\/wp-json\/wp\/v2\/tags?post=33557"}],"curies":[{"name":"wp","href":"https:\/\/api.w.org\/{rel}","templated":true}]}}