{"id":33549,"date":"2014-06-20T17:23:53","date_gmt":"2014-06-20T22:23:53","guid":{"rendered":"https:\/\/www.fiscalia.gov.co\/colombia\/en\/?p=33549"},"modified":"2014-07-07T11:49:49","modified_gmt":"2014-07-07T16:49:49","slug":"a-preventive-detention-order-was-issued-against-three-minors-for-the-murder-of-two-people","status":"publish","type":"post","link":"https:\/\/www.fiscalia.gov.co\/colombia\/en\/2014\/06\/20\/a-preventive-detention-order-was-issued-against-three-minors-for-the-murder-of-two-people\/","title":{"rendered":"A preventive detention order was issued against three minors for the murder of two people"},"content":{"rendered":"<p>Three minors pleaded guilty to the murder of two people in Palmira (Valle del Cauca)\u00a0 before the 6<sup>th<\/sup> Municipal Criminal Court with supervisory functions. They were charged by the 107 Local Prosecutor assigned to the\u00a0 child and Adolescent Unit .<\/p>\n<p>According to the investigation, the incident occurred on June 17 at Campestre neighborhood where the above mentioned minors attacked the brothers Christian Fabi\u00e1n L\u00f3pez Sol\u00eds and\u00a0 Oscar Eduardo Villaquir\u00e1n Sol\u00eds( 24 and 27 years old) by using a firearm and causing their death.<\/p>\n","protected":false},"excerpt":{"rendered":"<p>Three minors pleaded guilty to the murder of two people in Palmira (Valle del Cauca)\u00a0 before the 6th Municipal Criminal Court with supervisory functions. They were charged by the 107 Local Prosecutor assigned to the\u00a0 child and Adolescent Unit . According to the investigation, the incident occurred on June 17 at Campestre neighborhood where the [&hellip;]<\/p>\n","protected":false},"author":1,"featured_media":0,"comment_status":"closed","ping_status":"open","sticky":false,"template":"","format":"standard","meta":{"footnotes":""},"categories":[],"tags":[],"class_list":["post-33549","post","type-post","status-publish","format-standard"],"_links":{"self":[{"href":"https:\/\/www.fiscalia.gov.co\/colombia\/en\/wp-json\/wp\/v2\/posts\/33549"}],"collection":[{"href":"https:\/\/www.fiscalia.gov.co\/colombia\/en\/wp-json\/wp\/v2\/posts"}],"about":[{"href":"https:\/\/www.fiscalia.gov.co\/colombia\/en\/wp-json\/wp\/v2\/types\/post"}],"author":[{"embeddable":true,"href":"https:\/\/www.fiscalia.gov.co\/colombia\/en\/wp-json\/wp\/v2\/users\/1"}],"replies":[{"embeddable":true,"href":"https:\/\/www.fiscalia.gov.co\/colombia\/en\/wp-json\/wp\/v2\/comments?post=33549"}],"version-history":[{"count":1,"href":"https:\/\/www.fiscalia.gov.co\/colombia\/en\/wp-json\/wp\/v2\/posts\/33549\/revisions"}],"predecessor-version":[{"id":33550,"href":"https:\/\/www.fiscalia.gov.co\/colombia\/en\/wp-json\/wp\/v2\/posts\/33549\/revisions\/33550"}],"wp:attachment":[{"href":"https:\/\/www.fiscalia.gov.co\/colombia\/en\/wp-json\/wp\/v2\/media?parent=33549"}],"wp:term":[{"taxonomy":"category","embeddable":true,"href":"https:\/\/www.fiscalia.gov.co\/colombia\/en\/wp-json\/wp\/v2\/categories?post=33549"},{"taxonomy":"post_tag","embeddable":true,"href":"https:\/\/www.fiscalia.gov.co\/colombia\/en\/wp-json\/wp\/v2\/tags?post=33549"}],"curies":[{"name":"wp","href":"https:\/\/api.w.org\/{rel}","templated":true}]}}