{"id":33527,"date":"2014-06-18T17:58:07","date_gmt":"2014-06-18T22:58:07","guid":{"rendered":"https:\/\/www.fiscalia.gov.co\/colombia\/en\/?p=33527"},"modified":"2014-07-01T08:04:58","modified_gmt":"2014-07-01T13:04:58","slug":"a-preventive-detention-order-was-issued-against-four-members-of-a-criminal-organization-working-for-clan-usuga","status":"publish","type":"post","link":"https:\/\/www.fiscalia.gov.co\/colombia\/en\/2014\/06\/18\/a-preventive-detention-order-was-issued-against-four-members-of-a-criminal-organization-working-for-clan-usuga\/","title":{"rendered":"A preventive detention order was issued against four members of a criminal organization working for &#8216;Clan \u00dasuga&#8217;"},"content":{"rendered":"<p>A preventive detention order was issued against four people who would allegedly be part of a criminal organization working for \u201cClan \u00dasuga\u201d. They were arrested during search warrants conducted last week by CTI members from Regional Office in Bolivar in coordination with Colombian Navy. Among those who pled not guilty to all the offenses charged by the 33<sup>rd<\/sup>\u00a0 Prosecutor\u00b4s Office specialized in Antinarcotics and Money Laundering in Cartagena, were Fabio Nelson C\u00e1rdenas Plazas, F\u00e9lix Caraballo Mendoza, Wilfredo Renter\u00eda Palacios and Luis Dar\u00edo Murillo Hinestroza.<\/p>\n","protected":false},"excerpt":{"rendered":"<p>A preventive detention order was issued against four people who would allegedly be part of a criminal organization working for \u201cClan \u00dasuga\u201d. They were arrested during search warrants conducted last week by CTI members from Regional Office in Bolivar in coordination with Colombian Navy. Among those who pled not guilty to all the offenses charged [&hellip;]<\/p>\n","protected":false},"author":1,"featured_media":0,"comment_status":"closed","ping_status":"open","sticky":false,"template":"","format":"standard","meta":{"footnotes":""},"categories":[],"tags":[],"class_list":["post-33527","post","type-post","status-publish","format-standard"],"_links":{"self":[{"href":"https:\/\/www.fiscalia.gov.co\/colombia\/en\/wp-json\/wp\/v2\/posts\/33527"}],"collection":[{"href":"https:\/\/www.fiscalia.gov.co\/colombia\/en\/wp-json\/wp\/v2\/posts"}],"about":[{"href":"https:\/\/www.fiscalia.gov.co\/colombia\/en\/wp-json\/wp\/v2\/types\/post"}],"author":[{"embeddable":true,"href":"https:\/\/www.fiscalia.gov.co\/colombia\/en\/wp-json\/wp\/v2\/users\/1"}],"replies":[{"embeddable":true,"href":"https:\/\/www.fiscalia.gov.co\/colombia\/en\/wp-json\/wp\/v2\/comments?post=33527"}],"version-history":[{"count":2,"href":"https:\/\/www.fiscalia.gov.co\/colombia\/en\/wp-json\/wp\/v2\/posts\/33527\/revisions"}],"predecessor-version":[{"id":33529,"href":"https:\/\/www.fiscalia.gov.co\/colombia\/en\/wp-json\/wp\/v2\/posts\/33527\/revisions\/33529"}],"wp:attachment":[{"href":"https:\/\/www.fiscalia.gov.co\/colombia\/en\/wp-json\/wp\/v2\/media?parent=33527"}],"wp:term":[{"taxonomy":"category","embeddable":true,"href":"https:\/\/www.fiscalia.gov.co\/colombia\/en\/wp-json\/wp\/v2\/categories?post=33527"},{"taxonomy":"post_tag","embeddable":true,"href":"https:\/\/www.fiscalia.gov.co\/colombia\/en\/wp-json\/wp\/v2\/tags?post=33527"}],"curies":[{"name":"wp","href":"https:\/\/api.w.org\/{rel}","templated":true}]}}