{"id":33452,"date":"2014-06-11T16:11:44","date_gmt":"2014-06-11T21:11:44","guid":{"rendered":"https:\/\/www.fiscalia.gov.co\/colombia\/en\/?p=33452"},"modified":"2014-06-20T09:00:38","modified_gmt":"2014-06-20T14:00:38","slug":"a-preventive-detention-order-was-issued-against-an-alleged-ring-leader-which-used-minors-to-commit-robberies","status":"publish","type":"post","link":"https:\/\/www.fiscalia.gov.co\/colombia\/en\/2014\/06\/11\/a-preventive-detention-order-was-issued-against-an-alleged-ring-leader-which-used-minors-to-commit-robberies\/","title":{"rendered":"A preventive detention order was issued against an alleged ring leader which used minors to commit robberies"},"content":{"rendered":"<p>A municipal criminal judge in Alcal\u00e1 (Valle del Cauca), acting as a supervisory judge, issued a preventive detention order with imprisonment against C\u00e9sar Antonio Conde Gallego, alias Muel\u00f3n, who would be a criminal ring leader, engaged in committing robberies in this area of Valle del Cauca.\u00a0 This band used minors in order to achieve its goal.<\/p>\n<p>According to the investigation, Conde, a 19 years old male, is the alleged ring leader of a criminal band which robbed livestock, electrical appliances, among others, by using minors to commit armed robbery in the rural and urban area.<\/p>\n","protected":false},"excerpt":{"rendered":"<p>A municipal criminal judge in Alcal\u00e1 (Valle del Cauca), acting as a supervisory judge, issued a preventive detention order with imprisonment against C\u00e9sar Antonio Conde Gallego, alias Muel\u00f3n, who would be a criminal ring leader, engaged in committing robberies in this area of Valle del Cauca.\u00a0 This band used minors in order to achieve its [&hellip;]<\/p>\n","protected":false},"author":1,"featured_media":0,"comment_status":"closed","ping_status":"open","sticky":false,"template":"","format":"standard","meta":{"footnotes":""},"categories":[],"tags":[],"class_list":["post-33452","post","type-post","status-publish","format-standard"],"_links":{"self":[{"href":"https:\/\/www.fiscalia.gov.co\/colombia\/en\/wp-json\/wp\/v2\/posts\/33452"}],"collection":[{"href":"https:\/\/www.fiscalia.gov.co\/colombia\/en\/wp-json\/wp\/v2\/posts"}],"about":[{"href":"https:\/\/www.fiscalia.gov.co\/colombia\/en\/wp-json\/wp\/v2\/types\/post"}],"author":[{"embeddable":true,"href":"https:\/\/www.fiscalia.gov.co\/colombia\/en\/wp-json\/wp\/v2\/users\/1"}],"replies":[{"embeddable":true,"href":"https:\/\/www.fiscalia.gov.co\/colombia\/en\/wp-json\/wp\/v2\/comments?post=33452"}],"version-history":[{"count":1,"href":"https:\/\/www.fiscalia.gov.co\/colombia\/en\/wp-json\/wp\/v2\/posts\/33452\/revisions"}],"predecessor-version":[{"id":33453,"href":"https:\/\/www.fiscalia.gov.co\/colombia\/en\/wp-json\/wp\/v2\/posts\/33452\/revisions\/33453"}],"wp:attachment":[{"href":"https:\/\/www.fiscalia.gov.co\/colombia\/en\/wp-json\/wp\/v2\/media?parent=33452"}],"wp:term":[{"taxonomy":"category","embeddable":true,"href":"https:\/\/www.fiscalia.gov.co\/colombia\/en\/wp-json\/wp\/v2\/categories?post=33452"},{"taxonomy":"post_tag","embeddable":true,"href":"https:\/\/www.fiscalia.gov.co\/colombia\/en\/wp-json\/wp\/v2\/tags?post=33452"}],"curies":[{"name":"wp","href":"https:\/\/api.w.org\/{rel}","templated":true}]}}