{"id":33373,"date":"2014-06-10T08:47:23","date_gmt":"2014-06-10T13:47:23","guid":{"rendered":"https:\/\/www.fiscalia.gov.co\/colombia\/en\/?p=33373"},"modified":"2015-12-28T11:01:27","modified_gmt":"2015-12-28T16:01:27","slug":"in-compliance-with-an-order-issued-by-a-judge-of-the-republic-the-criminal-investigation-team-cti-detained-andres-sepulveda-ardila-once-again","status":"publish","type":"post","link":"https:\/\/www.fiscalia.gov.co\/colombia\/en\/2014\/06\/10\/in-compliance-with-an-order-issued-by-a-judge-of-the-republic-the-criminal-investigation-team-cti-detained-andres-sepulveda-ardila-once-again\/","title":{"rendered":"In compliance with an order issued by a Judge of the Republic, the Criminal Investigation Team (CTI) detained Andr\u00e9s Sep\u00falveda Ardila once again"},"content":{"rendered":"<p>Once again, the Criminal Investigation Team (CTI) belonging to the Prosecutor General Office detained Andr\u00e9s Sep\u00falveda Ardila in<strong> <\/strong>compliance with an order issued by a Judge of the Republic.<\/p>\n<p>The request of the prosecuting authority is based on the fact that the 10th Criminal Judge from the Circuit of Bogot\u00e1, acting as a supervisory judge, had indicated that the material submitted by the prosecuting authority in order to request the first preventive detention order did not allow to infer an alleged criminal behavior of the so called hacker and pointed out that the declaration of nullity would affect the preventive detention order.<\/p>\n<p>However, the prosecuting authority submitted a formal request again and another judge determined that there was a reason to order the detention of this individual.<\/p>\n<p>The Deputy Assistant Attorney General, Jorge Fernando Perdomo said that on June 10 at 6:15 a.m, CTI investigators detained Sep\u00falveda once again. &#8220;While the 10th Criminal Judge from the Circuit of Bogot\u00e1 considered the idea of releasing him and revoking the charges brought against him due to the lack of evidence, yesterday, a Supervisory judge ordered the detention of Sep\u00falveda Ardila as he considered that there is enough evidence that allows to infer that he can be the perpetrator of serious offenses.&#8221;<\/p>\n<p>Perdomo also said \u201c the reason to order an inquiry against the 10th Criminal Judge from the Circuit of Bogot\u00e1, Theresa Barrera Madero, was the possible commission of breach of duty as we do not understand that a decision was made with this evidence. The petition was referred only to the preventive detention order and what she did was to decree an annulment of the proceeding.&#8221;<\/p>\n<p>With regard to Sep\u00falveda, the Prosecutor Office pointed out that in addition to the offenses of espionage, abusive access to a computer system, use of a virus and violation of personal data, it was also added conspiracy.<\/p>\n<p>Perdomo emphasized that the General Attorney Office has decisive evidence to say that this is a serious matter that not only affects national security and the Colombian State interests, but also the activity and work of some institutions and even the work of the Attorney General Office.<\/p>\n<p>&#8220;These are events that violate the right to privacy of citizens. Intercepting communications is prohibited for people who are not authorized to do so. &#8221;<\/p>\n<p>Among the evidence which has become public, the General Attorney Office has in its possession\u00a0 videos where Sepulveda Ardila revels confidential information to other people. &#8221; Those recordings were examined by CTI experts who confirmed its authenticity and the morphological identification of those who appear on them\u201d<\/p>\n<p>He also said that the Attorney General Office has in its possession videos that reveal negotiations (buy-purchase) regarding information of Intelligence from the Armed and Police Forces, databases and testimonies that show the monitoring, sabotage and interceptions during the peace talks which took place in Habana, Cuba. Thirty-three computers seized during the raids whose memories contained databases with confidential information belonging to the Intelligence Directorate of the National Police (DIPOL), anotner Intelligence Agencies from the Army, as well as the Attorney General Office.<\/p>\n<p>\u201cWithin the framework of\u00a0 the investigation, the Attorney General Office also found Confidential databases from the <em>Comit\u00e9 Operativo de Dejaci\u00f3n de las Armas*<\/em>(CODA) in which appears personal information and information about the relatives of the demobilized guerrilla members and all this is confirmed with testimonies from people who confirms the negotiations with intelligence information, illegal email interceptions to citizens and other illegal activities\u201d\u00a0 said Deputy Assistant Attorney General, Jorge Fernando Perdomo<\/p>\n<p>On June 4th,\u00a0 The Ecuadorian citizen Daniel Agust\u00edn Baja\u00f1a Guzm\u00e1n accused of having intercepted the email of former vice president Francisco Santos Calder\u00f3n was arrested. He will be prosecuted for the alleged commission of illegal access to a computer system, computer data interception, espionage and conspiracy. The arrest was carried out since there was a risk that the Ecuadorian citizen would escape and would not appear before the judges at the preliminary hearings.<\/p>\n<p>&nbsp;<\/p>\n","protected":false},"excerpt":{"rendered":"<p>Once again, the Criminal Investigation Team (CTI) belonging to the Prosecutor General Office detained Andr\u00e9s Sep\u00falveda <\/p>\n","protected":false},"author":1,"featured_media":0,"comment_status":"closed","ping_status":"open","sticky":false,"template":"","format":"standard","meta":{"footnotes":""},"categories":[],"tags":[],"class_list":["post-33373","post","type-post","status-publish","format-standard"],"_links":{"self":[{"href":"https:\/\/www.fiscalia.gov.co\/colombia\/en\/wp-json\/wp\/v2\/posts\/33373"}],"collection":[{"href":"https:\/\/www.fiscalia.gov.co\/colombia\/en\/wp-json\/wp\/v2\/posts"}],"about":[{"href":"https:\/\/www.fiscalia.gov.co\/colombia\/en\/wp-json\/wp\/v2\/types\/post"}],"author":[{"embeddable":true,"href":"https:\/\/www.fiscalia.gov.co\/colombia\/en\/wp-json\/wp\/v2\/users\/1"}],"replies":[{"embeddable":true,"href":"https:\/\/www.fiscalia.gov.co\/colombia\/en\/wp-json\/wp\/v2\/comments?post=33373"}],"version-history":[{"count":3,"href":"https:\/\/www.fiscalia.gov.co\/colombia\/en\/wp-json\/wp\/v2\/posts\/33373\/revisions"}],"predecessor-version":[{"id":34926,"href":"https:\/\/www.fiscalia.gov.co\/colombia\/en\/wp-json\/wp\/v2\/posts\/33373\/revisions\/34926"}],"wp:attachment":[{"href":"https:\/\/www.fiscalia.gov.co\/colombia\/en\/wp-json\/wp\/v2\/media?parent=33373"}],"wp:term":[{"taxonomy":"category","embeddable":true,"href":"https:\/\/www.fiscalia.gov.co\/colombia\/en\/wp-json\/wp\/v2\/categories?post=33373"},{"taxonomy":"post_tag","embeddable":true,"href":"https:\/\/www.fiscalia.gov.co\/colombia\/en\/wp-json\/wp\/v2\/tags?post=33373"}],"curies":[{"name":"wp","href":"https:\/\/api.w.org\/{rel}","templated":true}]}}