{"id":21207,"date":"2012-10-08T10:44:57","date_gmt":"2012-10-08T15:44:57","guid":{"rendered":"https:\/\/www.fiscalia.gov.co\/colombia\/en\/?p=21207"},"modified":"2012-10-12T16:31:53","modified_gmt":"2012-10-12T21:31:53","slug":"alias-martin-llanos-plea-bargain-for-mapiripan-massacre","status":"publish","type":"post","link":"https:\/\/www.fiscalia.gov.co\/colombia\/en\/2012\/10\/08\/alias-martin-llanos-plea-bargain-for-mapiripan-massacre\/","title":{"rendered":"Alias Mart\u00edn Llanos Plea Bargain for Mapirip\u00e1n massacre"},"content":{"rendered":"<p>Former leader of Casanare Peasant Self-defense Forces, H\u00e9ctor Germ\u00e1n Buitrago Parada, has appeared in a press charges procedure in order to Plea Bargain for massacre of Mapirip\u00e1n (Meta).<\/p>\n<p>Buitrago Parada, alias Mart\u00edn Llanos, has admitted his responsibility for \u201caggravated homicide in homogeneous and heterogeneous competition, aggravated kidnapping and terrorism&#8221;, before a Prosecutor of Human Rights and IHL, as an accessory.<\/p>\n<p>The Mapirip\u00e1n massacre was perpetrated between 15 and 20 of July 1997, when members of a self-defense group shot no less than ten people death, among other illegal actions.<\/p>\n<p>This prosecution against Buitrago Parada, imprisoned in La Picota Prison in Bogot\u00e1, will be transferred to a\u00a0special judge in Villavicencio to impose a sentence.<\/p>\n","protected":false},"excerpt":{"rendered":"<p>Former leader of Casanare Peasant Self-defense Forces, H\u00e9ctor Germ\u00e1n Buitrago Parada, has appeared in a press charges procedure in order to Plea Bargain for massacre of Mapirip\u00e1n (Meta). Buitrago Parada, alias Mart\u00edn Llanos, has admitted his responsibility for \u201caggravated homicide in homogeneous and heterogeneous competition, aggravated kidnapping and terrorism&#8221;, before a Prosecutor of Human Rights [&hellip;]<\/p>\n","protected":false},"author":6,"featured_media":0,"comment_status":"closed","ping_status":"open","sticky":false,"template":"","format":"standard","meta":{"footnotes":""},"categories":[],"tags":[],"class_list":["post-21207","post","type-post","status-publish","format-standard"],"_links":{"self":[{"href":"https:\/\/www.fiscalia.gov.co\/colombia\/en\/wp-json\/wp\/v2\/posts\/21207"}],"collection":[{"href":"https:\/\/www.fiscalia.gov.co\/colombia\/en\/wp-json\/wp\/v2\/posts"}],"about":[{"href":"https:\/\/www.fiscalia.gov.co\/colombia\/en\/wp-json\/wp\/v2\/types\/post"}],"author":[{"embeddable":true,"href":"https:\/\/www.fiscalia.gov.co\/colombia\/en\/wp-json\/wp\/v2\/users\/6"}],"replies":[{"embeddable":true,"href":"https:\/\/www.fiscalia.gov.co\/colombia\/en\/wp-json\/wp\/v2\/comments?post=21207"}],"version-history":[{"count":3,"href":"https:\/\/www.fiscalia.gov.co\/colombia\/en\/wp-json\/wp\/v2\/posts\/21207\/revisions"}],"predecessor-version":[{"id":21255,"href":"https:\/\/www.fiscalia.gov.co\/colombia\/en\/wp-json\/wp\/v2\/posts\/21207\/revisions\/21255"}],"wp:attachment":[{"href":"https:\/\/www.fiscalia.gov.co\/colombia\/en\/wp-json\/wp\/v2\/media?parent=21207"}],"wp:term":[{"taxonomy":"category","embeddable":true,"href":"https:\/\/www.fiscalia.gov.co\/colombia\/en\/wp-json\/wp\/v2\/categories?post=21207"},{"taxonomy":"post_tag","embeddable":true,"href":"https:\/\/www.fiscalia.gov.co\/colombia\/en\/wp-json\/wp\/v2\/tags?post=21207"}],"curies":[{"name":"wp","href":"https:\/\/api.w.org\/{rel}","templated":true}]}}