{"id":21162,"date":"2012-09-24T08:23:29","date_gmt":"2012-09-24T13:23:29","guid":{"rendered":"https:\/\/www.fiscalia.gov.co\/colombia\/en\/?p=21162"},"modified":"2012-10-12T16:39:20","modified_gmt":"2012-10-12T21:39:20","slug":"former-ringleader-of-the-block-heroes-de-gualiva-has-been-sentenced-to-40-years","status":"publish","type":"post","link":"https:\/\/www.fiscalia.gov.co\/colombia\/en\/2012\/09\/24\/former-ringleader-of-the-block-heroes-de-gualiva-has-been-sentenced-to-40-years\/","title":{"rendered":"Former ringleader of the Block \u201cH\u00e9roes de Gualiv\u00e1 &#8221; has been sentenced to 40 years"},"content":{"rendered":"<p align=\"left\">As responsible of aggravated homicide, aggravated criminal association, aggravated kidnapping for ransom and forced disappearance, the defendant, Luis Alexander Beltr\u00e1n Rivera, one of the ringleader of the block &#8220;H\u00e9roes Gualiv\u00e1 &#8221; of the AUC self-defenses, has been sentenced to 40 years in prison and a fine of 15,000 statutory minimum salaries monthly.<\/p>\n<p align=\"left\">The decision was taken by Second Special Circuit Criminal Court, attached to Cundinamarca\u2019s Easing of Cases Congestion, which was based on the evidential material submitted by a Prosecutor assigned to the National Unit of Human Rights and IHL. Beltr\u00e1n Rivera, alias Arturo, was sentenced as an accomplice by way of willful misconduct.<\/p>\n<p align=\"left\">According to the investigation, between April and May 2003, block &#8220;Gualiv\u00e1 Heroes&#8221; \/ AUC self-defenses combatants, kidnapped the following people in \u201cLa Vereda de Sasaima\u201d country house in Cundinamarca Department : Luis Alberto Casasbuenas, Luz Dary Perilla Gonzalez, William Jos\u00e9 Bernal Pava, Ruth Cecilia Arias, \u00c9dgar Quintero Gonz\u00e1lez and two minors, who subsequently were transferred to the ICBF Colombian Family Welfare Institute.<\/p>\n<p align=\"left\">To date, it has only been found Quintero Gonz\u00e1lez\u00b4s mortal remains and the whereabouts of the other victims are unknown by the authorities.<\/p>\n<p>Juan Jos\u00e9 Meneses Pe\u00f1a and Durance Murillo Boh\u00f3rquez were sentenced to 30 years in prison while Ever Vera Moya was sentenced to 30 years in prison for the same facts.<\/p>\n","protected":false},"excerpt":{"rendered":"<p>As responsible of aggravated homicide, aggravated criminal association, aggravated kidnapping for ransom and forced disappearance, the defendant, Luis Alexander Beltr\u00e1n Rivera, one of the ringleader of the block &#8220;H\u00e9roes Gualiv\u00e1 &#8221; of the AUC self-defenses, has been sentenced to 40 years in prison and a fine of 15,000 statutory minimum salaries monthly. The decision was [&hellip;]<\/p>\n","protected":false},"author":6,"featured_media":0,"comment_status":"closed","ping_status":"open","sticky":false,"template":"","format":"standard","meta":{"footnotes":""},"categories":[],"tags":[],"class_list":["post-21162","post","type-post","status-publish","format-standard"],"_links":{"self":[{"href":"https:\/\/www.fiscalia.gov.co\/colombia\/en\/wp-json\/wp\/v2\/posts\/21162"}],"collection":[{"href":"https:\/\/www.fiscalia.gov.co\/colombia\/en\/wp-json\/wp\/v2\/posts"}],"about":[{"href":"https:\/\/www.fiscalia.gov.co\/colombia\/en\/wp-json\/wp\/v2\/types\/post"}],"author":[{"embeddable":true,"href":"https:\/\/www.fiscalia.gov.co\/colombia\/en\/wp-json\/wp\/v2\/users\/6"}],"replies":[{"embeddable":true,"href":"https:\/\/www.fiscalia.gov.co\/colombia\/en\/wp-json\/wp\/v2\/comments?post=21162"}],"version-history":[{"count":3,"href":"https:\/\/www.fiscalia.gov.co\/colombia\/en\/wp-json\/wp\/v2\/posts\/21162\/revisions"}],"predecessor-version":[{"id":21266,"href":"https:\/\/www.fiscalia.gov.co\/colombia\/en\/wp-json\/wp\/v2\/posts\/21162\/revisions\/21266"}],"wp:attachment":[{"href":"https:\/\/www.fiscalia.gov.co\/colombia\/en\/wp-json\/wp\/v2\/media?parent=21162"}],"wp:term":[{"taxonomy":"category","embeddable":true,"href":"https:\/\/www.fiscalia.gov.co\/colombia\/en\/wp-json\/wp\/v2\/categories?post=21162"},{"taxonomy":"post_tag","embeddable":true,"href":"https:\/\/www.fiscalia.gov.co\/colombia\/en\/wp-json\/wp\/v2\/tags?post=21162"}],"curies":[{"name":"wp","href":"https:\/\/api.w.org\/{rel}","templated":true}]}}