{"id":20879,"date":"2012-08-22T12:29:43","date_gmt":"2012-08-22T17:29:43","guid":{"rendered":"https:\/\/www.fiscalia.gov.co\/colombia\/en\/?p=20879"},"modified":"2012-08-22T16:47:24","modified_gmt":"2012-08-22T21:47:24","slug":"an-individual-is-agreed-to-the-charges-for-forced-disappearance-and-homicide","status":"publish","type":"post","link":"https:\/\/www.fiscalia.gov.co\/colombia\/en\/2012\/08\/22\/an-individual-is-agreed-to-the-charges-for-forced-disappearance-and-homicide\/","title":{"rendered":"An individual is agreed to accept the charges for forced disappearance and homicide"},"content":{"rendered":"<p>Before a Human Rights and IHL prosecutor,\u00a0 the accused MauricioVargas Ridaurde was agreed to accept the charges for co-responsability of homicide in protected person, forced disappearance and rebellion offenses.<\/p>\n<p>On September 6, 2002, based on investigation, members of the 48\u00a0 Farc Front kidnapped by force to Fredy Hernando Mart\u00ednez and Alfonso Orlando L\u00f3pez Toro, members of the community council in Pe\u00f1as Coloradas, Puerto Legu\u00edzamo municipality, Putumayo department.<\/p>\n<p>Subsequently, relatives of the victim knew that Mart\u00ednez was shot by rebels. The whereabouts of L\u00f3pez Toro is unknown.<\/p>\n<p>Vargas Ridaurde who is imprisoned in La Picota prison- Bogot\u00e1, was agreed to plea bargaining and could be granted a reducing sentence up to 50 percent of the ruled conviction by the Presiding Judge.<\/p>\n<p>&nbsp;<\/p>\n","protected":false},"excerpt":{"rendered":"<p>Before a Human Rights and IHL prosecutor,\u00a0 the accused MauricioVargas Ridaurde was agreed to accept the charges for co-responsability of homicide in protected person, forced disappearance and rebellion offenses. On September 6, 2002, based on investigation, members of the 48\u00a0 Farc Front kidnapped by force to Fredy Hernando Mart\u00ednez and Alfonso Orlando L\u00f3pez Toro, members [&hellip;]<\/p>\n","protected":false},"author":6,"featured_media":0,"comment_status":"closed","ping_status":"open","sticky":false,"template":"","format":"standard","meta":{"footnotes":""},"categories":[],"tags":[],"class_list":["post-20879","post","type-post","status-publish","format-standard"],"_links":{"self":[{"href":"https:\/\/www.fiscalia.gov.co\/colombia\/en\/wp-json\/wp\/v2\/posts\/20879"}],"collection":[{"href":"https:\/\/www.fiscalia.gov.co\/colombia\/en\/wp-json\/wp\/v2\/posts"}],"about":[{"href":"https:\/\/www.fiscalia.gov.co\/colombia\/en\/wp-json\/wp\/v2\/types\/post"}],"author":[{"embeddable":true,"href":"https:\/\/www.fiscalia.gov.co\/colombia\/en\/wp-json\/wp\/v2\/users\/6"}],"replies":[{"embeddable":true,"href":"https:\/\/www.fiscalia.gov.co\/colombia\/en\/wp-json\/wp\/v2\/comments?post=20879"}],"version-history":[{"count":3,"href":"https:\/\/www.fiscalia.gov.co\/colombia\/en\/wp-json\/wp\/v2\/posts\/20879\/revisions"}],"predecessor-version":[{"id":20886,"href":"https:\/\/www.fiscalia.gov.co\/colombia\/en\/wp-json\/wp\/v2\/posts\/20879\/revisions\/20886"}],"wp:attachment":[{"href":"https:\/\/www.fiscalia.gov.co\/colombia\/en\/wp-json\/wp\/v2\/media?parent=20879"}],"wp:term":[{"taxonomy":"category","embeddable":true,"href":"https:\/\/www.fiscalia.gov.co\/colombia\/en\/wp-json\/wp\/v2\/categories?post=20879"},{"taxonomy":"post_tag","embeddable":true,"href":"https:\/\/www.fiscalia.gov.co\/colombia\/en\/wp-json\/wp\/v2\/tags?post=20879"}],"curies":[{"name":"wp","href":"https:\/\/api.w.org\/{rel}","templated":true}]}}