{"id":20774,"date":"2012-08-21T08:30:11","date_gmt":"2012-08-21T13:30:11","guid":{"rendered":"https:\/\/www.fiscalia.gov.co\/colombia\/en\/?p=20774"},"modified":"2012-08-22T16:46:32","modified_gmt":"2012-08-22T21:46:32","slug":"sentences-for-yolombo-antioquia-massacre","status":"publish","type":"post","link":"https:\/\/www.fiscalia.gov.co\/colombia\/en\/2012\/08\/21\/sentences-for-yolombo-antioquia-massacre\/","title":{"rendered":"Sentences for Yolomb\u00f3 (Antioquia) massacre"},"content":{"rendered":"<p>Two former members of self-defenses have been sentenced by the Second Special Penal Circuit Judge in Antioquia department\u00a0 in a plea bargaining hearing in order to serve twenty years of imprisonment\u00a0 each , as responsible for offenses of aggravated homicide, aggravated forced displacement and aggravated criminal association.<\/p>\n<p>The defendant are: N\u00e9stor Abad, alias El Indio and Rolando de Jes\u00fas Lopera Mu\u00f1oz, alias Cinco Uno, who during the accusation hearing\u00a0 were agreed to accept the charges before a Human Rights and IHL prosecutor.<\/p>\n<p>Investigation based on the facts happened between August 31st and September 1st, 1999, when approximately 250 members of self-defenses attacked a country area of Yolomb\u00f3, Antioquia, murder 21 indivuals, who were pointed out as ELN guerrilla group helpers.<\/p>\n<p>Additionally, this armed attack caused a\u00a0 civil individuals displacement.<\/p>\n<p>&nbsp;<\/p>\n","protected":false},"excerpt":{"rendered":"<p>Two former members of self-defenses have been sentenced by the Second Special Penal Circuit Judge in Antioquia department\u00a0 in a plea bargaining hearing in order to serve twenty years of imprisonment\u00a0 each , as responsible for offenses of aggravated homicide, aggravated forced displacement and aggravated criminal association. The defendant are: N\u00e9stor Abad, alias El Indio [&hellip;]<\/p>\n","protected":false},"author":6,"featured_media":0,"comment_status":"closed","ping_status":"open","sticky":false,"template":"","format":"standard","meta":{"footnotes":""},"categories":[],"tags":[],"class_list":["post-20774","post","type-post","status-publish","format-standard"],"_links":{"self":[{"href":"https:\/\/www.fiscalia.gov.co\/colombia\/en\/wp-json\/wp\/v2\/posts\/20774"}],"collection":[{"href":"https:\/\/www.fiscalia.gov.co\/colombia\/en\/wp-json\/wp\/v2\/posts"}],"about":[{"href":"https:\/\/www.fiscalia.gov.co\/colombia\/en\/wp-json\/wp\/v2\/types\/post"}],"author":[{"embeddable":true,"href":"https:\/\/www.fiscalia.gov.co\/colombia\/en\/wp-json\/wp\/v2\/users\/6"}],"replies":[{"embeddable":true,"href":"https:\/\/www.fiscalia.gov.co\/colombia\/en\/wp-json\/wp\/v2\/comments?post=20774"}],"version-history":[{"count":7,"href":"https:\/\/www.fiscalia.gov.co\/colombia\/en\/wp-json\/wp\/v2\/posts\/20774\/revisions"}],"predecessor-version":[{"id":20884,"href":"https:\/\/www.fiscalia.gov.co\/colombia\/en\/wp-json\/wp\/v2\/posts\/20774\/revisions\/20884"}],"wp:attachment":[{"href":"https:\/\/www.fiscalia.gov.co\/colombia\/en\/wp-json\/wp\/v2\/media?parent=20774"}],"wp:term":[{"taxonomy":"category","embeddable":true,"href":"https:\/\/www.fiscalia.gov.co\/colombia\/en\/wp-json\/wp\/v2\/categories?post=20774"},{"taxonomy":"post_tag","embeddable":true,"href":"https:\/\/www.fiscalia.gov.co\/colombia\/en\/wp-json\/wp\/v2\/tags?post=20774"}],"curies":[{"name":"wp","href":"https:\/\/api.w.org\/{rel}","templated":true}]}}