{"id":20672,"date":"2012-08-09T16:00:59","date_gmt":"2012-08-09T21:00:59","guid":{"rendered":"https:\/\/www.fiscalia.gov.co\/colombia\/en\/?p=20672"},"modified":"2012-08-22T08:44:47","modified_gmt":"2012-08-22T13:44:47","slug":"magangue-former-mayor-has-been-remanded-in-custody-for-the-murder-of-a-journalist","status":"publish","type":"post","link":"https:\/\/www.fiscalia.gov.co\/colombia\/en\/2012\/08\/09\/magangue-former-mayor-has-been-remanded-in-custody-for-the-murder-of-a-journalist\/","title":{"rendered":"Magangu\u00e9 Former Mayor has been remanded in custody for the murder of a journalist"},"content":{"rendered":"<p>A preventive detention without Releasing Benefit pronounced by a Human Rights and IHL prosecutor defined the judicial status to the defendant Jorge Luis Alfonso L\u00f3pez, former mayor of Magangu\u00e9 (Bol\u00edvar) for the alleged co-responsibility in the offence of aggravated homicide.<\/p>\n<p>The decision taken by the prosecutor leading the investigation is related to the murder of the journalist Rafael Enrique Prins Vel\u00e1squez, killed on February 19, 2005 in the said city.<\/p>\n<p>The arrest of Alfonso L\u00f3pez was carried out in August 2<sup>nd<\/sup>, 2012, early in the morning, when units of Colombia National Police \u2018Jungla\u2019 Team arrived to the farm located in Pitalito area, Polo Nuevo district (Atl\u00e1ntico), where the defendant was found and now imprisoned in La Picota prison in Bogot\u00e1.<\/p>\n","protected":false},"excerpt":{"rendered":"<p>A preventive detention without Releasing Benefit pronounced by a Human Rights and IHL prosecutor defined the judicial status to the defendant Jorge Luis Alfonso L\u00f3pez, former mayor of Magangu\u00e9 (Bol\u00edvar) for the alleged co-responsibility in the offence of aggravated homicide. The decision taken by the prosecutor leading the investigation is related to the murder of [&hellip;]<\/p>\n","protected":false},"author":6,"featured_media":0,"comment_status":"closed","ping_status":"open","sticky":false,"template":"","format":"standard","meta":{"footnotes":""},"categories":[],"tags":[],"class_list":["post-20672","post","type-post","status-publish","format-standard"],"_links":{"self":[{"href":"https:\/\/www.fiscalia.gov.co\/colombia\/en\/wp-json\/wp\/v2\/posts\/20672"}],"collection":[{"href":"https:\/\/www.fiscalia.gov.co\/colombia\/en\/wp-json\/wp\/v2\/posts"}],"about":[{"href":"https:\/\/www.fiscalia.gov.co\/colombia\/en\/wp-json\/wp\/v2\/types\/post"}],"author":[{"embeddable":true,"href":"https:\/\/www.fiscalia.gov.co\/colombia\/en\/wp-json\/wp\/v2\/users\/6"}],"replies":[{"embeddable":true,"href":"https:\/\/www.fiscalia.gov.co\/colombia\/en\/wp-json\/wp\/v2\/comments?post=20672"}],"version-history":[{"count":4,"href":"https:\/\/www.fiscalia.gov.co\/colombia\/en\/wp-json\/wp\/v2\/posts\/20672\/revisions"}],"predecessor-version":[{"id":20843,"href":"https:\/\/www.fiscalia.gov.co\/colombia\/en\/wp-json\/wp\/v2\/posts\/20672\/revisions\/20843"}],"wp:attachment":[{"href":"https:\/\/www.fiscalia.gov.co\/colombia\/en\/wp-json\/wp\/v2\/media?parent=20672"}],"wp:term":[{"taxonomy":"category","embeddable":true,"href":"https:\/\/www.fiscalia.gov.co\/colombia\/en\/wp-json\/wp\/v2\/categories?post=20672"},{"taxonomy":"post_tag","embeddable":true,"href":"https:\/\/www.fiscalia.gov.co\/colombia\/en\/wp-json\/wp\/v2\/tags?post=20672"}],"curies":[{"name":"wp","href":"https:\/\/api.w.org\/{rel}","templated":true}]}}