{"id":20639,"date":"2012-08-09T10:00:19","date_gmt":"2012-08-09T15:00:19","guid":{"rendered":"https:\/\/www.fiscalia.gov.co\/colombia\/en\/?p=20639"},"modified":"2012-08-22T08:45:59","modified_gmt":"2012-08-22T13:45:59","slug":"preventive-detention-against-miguel-nule-amin-was-confirmed","status":"publish","type":"post","link":"https:\/\/www.fiscalia.gov.co\/colombia\/en\/2012\/08\/09\/preventive-detention-against-miguel-nule-amin-was-confirmed\/","title":{"rendered":"Preventive detention against Miguel Nule Am\u00edn was confirmed"},"content":{"rendered":"<p>A delegated prosecutor before Superior Court in Bogot\u00e1 confirmed the Preventive Detention without releasing benefit which was issued against Miguel Nule Am\u00edn, within the proceedings for Macayepo massacre committed in Bolivar Department.<\/p>\n<p>Nule Am\u00edn was preventive detained on March 1st, 2012 by a Human Rights and International Humanitarian Law prosecutor who accused him as allegedly responsible for the offense of aggravated homicide and forced displacement, as a mastermind.<\/p>\n<p>The investigation carry out by Colombian Attorney General Office emerges from the facts occurred on October 14, 2000 when members of the illegal self-defense groups killed at least 12 country persons and forced settlers to be displaced.<\/p>\n<p>The defendant, apprehended on February 18, 2012, is in a welfare center in the capital of Bolivar Department.<\/p>\n","protected":false},"excerpt":{"rendered":"<p>A delegated prosecutor before Superior Court in Bogot\u00e1 confirmed the Preventive Detention without releasing benefit which was issued against Miguel Nule Am\u00edn, within the proceedings for Macayepo massacre committed in Bolivar Department. Nule Am\u00edn was preventive detained on March 1st, 2012 by a Human Rights and International Humanitarian Law prosecutor who accused him as allegedly [&hellip;]<\/p>\n","protected":false},"author":6,"featured_media":0,"comment_status":"closed","ping_status":"open","sticky":false,"template":"","format":"standard","meta":{"footnotes":""},"categories":[],"tags":[],"class_list":["post-20639","post","type-post","status-publish","format-standard"],"_links":{"self":[{"href":"https:\/\/www.fiscalia.gov.co\/colombia\/en\/wp-json\/wp\/v2\/posts\/20639"}],"collection":[{"href":"https:\/\/www.fiscalia.gov.co\/colombia\/en\/wp-json\/wp\/v2\/posts"}],"about":[{"href":"https:\/\/www.fiscalia.gov.co\/colombia\/en\/wp-json\/wp\/v2\/types\/post"}],"author":[{"embeddable":true,"href":"https:\/\/www.fiscalia.gov.co\/colombia\/en\/wp-json\/wp\/v2\/users\/6"}],"replies":[{"embeddable":true,"href":"https:\/\/www.fiscalia.gov.co\/colombia\/en\/wp-json\/wp\/v2\/comments?post=20639"}],"version-history":[{"count":3,"href":"https:\/\/www.fiscalia.gov.co\/colombia\/en\/wp-json\/wp\/v2\/posts\/20639\/revisions"}],"predecessor-version":[{"id":20846,"href":"https:\/\/www.fiscalia.gov.co\/colombia\/en\/wp-json\/wp\/v2\/posts\/20639\/revisions\/20846"}],"wp:attachment":[{"href":"https:\/\/www.fiscalia.gov.co\/colombia\/en\/wp-json\/wp\/v2\/media?parent=20639"}],"wp:term":[{"taxonomy":"category","embeddable":true,"href":"https:\/\/www.fiscalia.gov.co\/colombia\/en\/wp-json\/wp\/v2\/categories?post=20639"},{"taxonomy":"post_tag","embeddable":true,"href":"https:\/\/www.fiscalia.gov.co\/colombia\/en\/wp-json\/wp\/v2\/tags?post=20639"}],"curies":[{"name":"wp","href":"https:\/\/api.w.org\/{rel}","templated":true}]}}